{"id":990,"date":"2021-02-19T21:03:39","date_gmt":"2021-02-19T20:03:39","guid":{"rendered":"https:\/\/www.micole.net\/blog\/?p=990"},"modified":"2022-03-15T20:30:29","modified_gmt":"2022-03-15T19:30:29","slug":"tonucci-frato-escuchar-a-la-infancia-en-la-escuela","status":"publish","type":"post","link":"https:\/\/www.micole.net\/blog\/educacion\/tonucci-frato-escuchar-a-la-infancia-en-la-escuela\/","title":{"rendered":"Escuchar a la infancia en la escuela"},"content":{"rendered":"\n<h2 class=\"wp-block-heading\">Cambio en la educaci\u00f3n.<\/h2>\n\n\n\n<p>Si conoces a <a href=\"https:\/\/www.bbva.es\/finanzas-vistazo\/aprendemos-juntos\/francesco-tonucci.html\" target=\"_blank\" rel=\"noreferrer noopener nofollow\">Francisco Tonucci<\/a>, probablemente conozcas tambi\u00e9n su alter ego, Frato. Juntos buscan divulgar la <strong>necesidad de escuchar a la infancia en la escuela, tanto dentro como fuera<\/strong>. Ambos est\u00e1n muy alineados con el cambio actual profundo que est\u00e1 viviendo la educaci\u00f3n.\u00a0<\/p>\n\n\n\n<h2 class=\"wp-block-heading\">Participaci\u00f3n de los ni\u00f1os en su educaci\u00f3n.<\/h2>\n\n\n\n<p><strong>\u00bfQui\u00e9n aprende de qui\u00e9n?<\/strong> Ser\u00eda una de las preguntas b\u00e1sicas que nos lleva a cuestionarnos Tonucci. Parece que cada vez m\u00e1s se promueve la participaci\u00f3n de la infancia y se le dota de una fuerza importante que nos coloca a los adultos en un espacio de humildad donde reconocer que a\u00fan nos queda mucho por aprender.&nbsp;<\/p>\n\n\n\n<p>Y <strong>cada vez son m\u00e1s los maestros que as\u00ed viven su vocaci\u00f3n: con ganas de aprender y de acompa\u00f1a<\/strong>r, m\u00e1s all\u00e1 de \u201cinsertar\u201d conocimientos que hoy en d\u00eda Google nos puede facilitar.&nbsp;<\/p>\n\n\n\n<p>\u00bfCu\u00e1les son las habilidades necesarias para la vida? \u00bfSer\u00e1n las capitales, la historia, la memoria o las ra\u00edces cuadradas? \u00bfO ser\u00e1n m\u00e1s bien la econom\u00eda, la alimentaci\u00f3n, el c\u00e1lculo y la empat\u00eda?&nbsp;<\/p>\n\n\n\n<h2 class=\"wp-block-heading\">\u00bfQu\u00e9 dice Francisco Tonucci?<\/h2>\n\n\n\n<p>Escuchar a <a href=\"https:\/\/aprendemosjuntos.elpais.com\/especial\/aprender-a-leer-y-escribir-es-el-mejor-regalo-para-tus-hijos-francesco-tonucci\/\" target=\"_blank\" rel=\"noreferrer noopener nofollow\">Tonucci<\/a> siempre es interesante. Si te interesa la educaci\u00f3n y la infancia, seguro que disfrutas con cualquiera de sus charlas.\u00a0<\/p>\n\n\n\n<p>Es maestro y pedagogo y se define a s\u00ed mismo como \u201cni\u00f1\u00f3logo\u201d. Tambi\u00e9n es dibujante y sue\u00f1a con ciudades amigas de la infancia. Reivindica la necesidad de conquistar espacios p\u00fablicos para los ni\u00f1os.&nbsp;<\/p>\n\n\n\n<p>En 1991 fund\u00f3 la <a href=\"https:\/\/www.huellasbysareb.es\/ciudades\/la-ciudad-de-los-ninos-de-francesco-tonucci\/\" target=\"_blank\" rel=\"noreferrer noopener nofollow\">Ciudad de los ni\u00f1os<\/a>, buscando ofrecer a la infancia espacios de juego para hacerlo en libertad. Y para ello, <strong>su apuesta es preguntar a la propia infancia<\/strong>. Desde entonces se ha convertido en un proyecto donde hay m\u00e1s de 200 ciudades de todo el mundo que se nutren para buscar entornos respetuosos con la infancia.<\/p>\n\n\n\n<div class=\"wp-block-image\"><figure class=\"aligncenter\"><img decoding=\"async\" src=\"https:\/\/lh4.googleusercontent.com\/6BdNy8Q0_4twcQpiKgsI03sfa8ZVzg7k05fxe9kjucGXbbmJZ9QGXIjU573p-wRooGNASdWn8sgSyIGSuDWK_3BbjMPuA4b9Ld5L0-eIiLbudPYoVzAsBR114eDoQhbidZ-_vod1\" alt=\"Escuchar a los ni\u00f1os en la escuela - Frato\"\/><\/figure><\/div>\n\n\n\n<p>Sus vi\u00f1etas de Frato se han compartido miles de veces y siguen siendo un altavoz para compartir sentires de much\u00edsimos maestros.&nbsp;<\/p>\n\n\n\n<h2 class=\"wp-block-heading\">C\u00f3mo construir una escuela que prepare a los ni\u00f1os para el futuro.<\/h2>\n\n\n\n<p>Porque m\u00e1s de una vez nos hemos sentido perdidos y, aunque <strong>la infancia<\/strong> tiene esa capacidad de llevarnos a la p\u00e9rdida, solo <strong>es una oportunidad para lograr encontrarnos<\/strong>. Siempre m\u00e1s sabios y siempre m\u00e1s fuertes. Con humildad y ganas de trabajar.&nbsp;<\/p>\n\n\n\n<p>Y <strong>desde ah\u00ed podremos construir una escuela como la que deseamos: que prepare a los ni\u00f1os para el futuro<\/strong> y al mismo tiempo prepare unas personas para liderar ese futuro.&nbsp;<\/p>\n\n\n\n<p>Gracias a todos los colegios que confi\u00e1is en <a rel=\"noreferrer noopener\" aria-label=\"Micole  (se abre en una nueva pesta\u00f1a)\" href=\"https:\/\/www.micole.net\" target=\"_blank\">Micole<\/a> como una herramienta m\u00e1s que os ayude a seguir dando forma a los sue\u00f1os de construir una escuela donde se fomente la libertad de expresi\u00f3n, la escucha, el respeto y las ganas de aprender todos juntos.<\/p>\n","protected":false},"excerpt":{"rendered":"<p>Cambio en la educaci\u00f3n. Si conoces a Francisco Tonucci, probablemente conozcas tambi\u00e9n su alter ego, Frato. Juntos buscan divulgar la necesidad de escuchar a la infancia en la escuela, tanto dentro como fuera. Ambos est\u00e1n muy alineados con el cambio actual profundo que est\u00e1 viviendo la educaci\u00f3n.\u00a0 Participaci\u00f3n de los ni\u00f1os en su educaci\u00f3n. \u00bfQui\u00e9n &hellip;<\/p>\n<p class=\"read-more\"> <a class=\"\" href=\"https:\/\/www.micole.net\/blog\/educacion\/tonucci-frato-escuchar-a-la-infancia-en-la-escuela\/\"> <span class=\"screen-reader-text\">Escuchar a la infancia en la escuela<\/span> Leer m\u00e1s &raquo;<\/a><\/p>\n","protected":false},"author":1,"featured_media":1000,"comment_status":"open","ping_status":"open","sticky":false,"template":"","format":"standard","meta":{"content-type":"","sfsi_plus_gutenberg_text_before_share":"","sfsi_plus_gutenberg_show_text_before_share":"","sfsi_plus_gutenberg_icon_type":"","sfsi_plus_gutenberg_icon_alignemt":"","sfsi_plus_gutenburg_max_per_row":"","site-sidebar-layout":"default","site-content-layout":"","ast-site-content-layout":"","site-content-style":"default","site-sidebar-style":"default","ast-global-header-display":"","ast-banner-title-visibility":"","ast-main-header-display":"","ast-hfb-above-header-display":"","ast-hfb-below-header-display":"","ast-hfb-mobile-header-display":"","site-post-title":"","ast-breadcrumbs-content":"","ast-featured-img":"","footer-sml-layout":"","theme-transparent-header-meta":"","adv-header-id-meta":"","stick-header-meta":"","header-above-stick-meta":"","header-main-stick-meta":"","header-below-stick-meta":"","astra-migrate-meta-layouts":"","footnotes":""},"categories":[61],"tags":[],"class_list":["post-990","post","type-post","status-publish","format-standard","has-post-thumbnail","hentry","category-educacion"],"yoast_head":"<!-- This site is optimized with the Yoast SEO plugin v26.9 - https:\/\/yoast.com\/product\/yoast-seo-wordpress\/ -->\n<title>Escuchar a la infancia en la escuela-Francisco Tonucci<\/title>\n<meta name=\"description\" content=\"Existe una necesidad de escuchar a la infancia dentro y fuera de la escuela. Algo muy alineado con el cambio actual profundo que est\u00e1 viviendo la educaci\u00f3n.\" \/>\n<meta name=\"robots\" content=\"index, follow, max-snippet:-1, max-image-preview:large, max-video-preview:-1\" \/>\n<link rel=\"canonical\" href=\"https:\/\/www.micole.net\/blog\/educacion\/tonucci-frato-escuchar-a-la-infancia-en-la-escuela\/\" \/>\n<meta property=\"og:locale\" content=\"es_ES\" \/>\n<meta property=\"og:type\" content=\"article\" \/>\n<meta property=\"og:title\" content=\"Escuchar a la infancia en la escuela-Francisco Tonucci\" \/>\n<meta property=\"og:description\" content=\"Existe una necesidad de escuchar a la infancia dentro y fuera de la escuela. Algo muy alineado con el cambio actual profundo que est\u00e1 viviendo la educaci\u00f3n.\" \/>\n<meta property=\"og:url\" content=\"https:\/\/www.micole.net\/blog\/educacion\/tonucci-frato-escuchar-a-la-infancia-en-la-escuela\/\" \/>\n<meta property=\"og:site_name\" content=\"Blog Micole\" \/>\n<meta property=\"article:publisher\" content=\"https:\/\/www.facebook.com\/micoleoficial\/\" \/>\n<meta property=\"article:published_time\" content=\"2021-02-19T20:03:39+00:00\" \/>\n<meta property=\"article:modified_time\" content=\"2022-03-15T19:30:29+00:00\" \/>\n<meta property=\"og:image\" content=\"https:\/\/www.micole.net\/blog\/wp-content\/uploads\/2021\/02\/frato7-copia.jpg\" \/>\n\t<meta property=\"og:image:width\" content=\"750\" \/>\n\t<meta property=\"og:image:height\" content=\"400\" \/>\n\t<meta property=\"og:image:type\" content=\"image\/jpeg\" \/>\n<meta name=\"author\" content=\"El equipo de Micole\" \/>\n<meta name=\"twitter:card\" content=\"summary_large_image\" \/>\n<meta name=\"twitter:label1\" content=\"Escrito por\" \/>\n\t<meta name=\"twitter:data1\" content=\"El equipo de Micole\" \/>\n\t<meta name=\"twitter:label2\" content=\"Tiempo de lectura\" \/>\n\t<meta name=\"twitter:data2\" content=\"3 minutos\" \/>\n<script type=\"application\/ld+json\" class=\"yoast-schema-graph\">{\"@context\":\"https:\/\/schema.org\",\"@graph\":[{\"@type\":\"Article\",\"@id\":\"https:\/\/www.micole.net\/blog\/educacion\/tonucci-frato-escuchar-a-la-infancia-en-la-escuela\/#article\",\"isPartOf\":{\"@id\":\"https:\/\/www.micole.net\/blog\/educacion\/tonucci-frato-escuchar-a-la-infancia-en-la-escuela\/\"},\"author\":{\"name\":\"El equipo de Micole\",\"@id\":\"https:\/\/www.micole.net\/blog\/#\/schema\/person\/861e4d9a8ce4499d9c106c2ac39f8951\"},\"headline\":\"Escuchar a la infancia en la escuela\",\"datePublished\":\"2021-02-19T20:03:39+00:00\",\"dateModified\":\"2022-03-15T19:30:29+00:00\",\"mainEntityOfPage\":{\"@id\":\"https:\/\/www.micole.net\/blog\/educacion\/tonucci-frato-escuchar-a-la-infancia-en-la-escuela\/\"},\"wordCount\":502,\"commentCount\":0,\"publisher\":{\"@id\":\"https:\/\/www.micole.net\/blog\/#organization\"},\"image\":{\"@id\":\"https:\/\/www.micole.net\/blog\/educacion\/tonucci-frato-escuchar-a-la-infancia-en-la-escuela\/#primaryimage\"},\"thumbnailUrl\":\"https:\/\/www.micole.net\/blog\/wp-content\/uploads\/2021\/02\/frato7-copia.jpg\",\"articleSection\":[\"Educaci\u00f3n\"],\"inLanguage\":\"es\",\"potentialAction\":[{\"@type\":\"CommentAction\",\"name\":\"Comment\",\"target\":[\"https:\/\/www.micole.net\/blog\/educacion\/tonucci-frato-escuchar-a-la-infancia-en-la-escuela\/#respond\"]}]},{\"@type\":\"WebPage\",\"@id\":\"https:\/\/www.micole.net\/blog\/educacion\/tonucci-frato-escuchar-a-la-infancia-en-la-escuela\/\",\"url\":\"https:\/\/www.micole.net\/blog\/educacion\/tonucci-frato-escuchar-a-la-infancia-en-la-escuela\/\",\"name\":\"Escuchar a la infancia en la escuela-Francisco Tonucci\",\"isPartOf\":{\"@id\":\"https:\/\/www.micole.net\/blog\/#website\"},\"primaryImageOfPage\":{\"@id\":\"https:\/\/www.micole.net\/blog\/educacion\/tonucci-frato-escuchar-a-la-infancia-en-la-escuela\/#primaryimage\"},\"image\":{\"@id\":\"https:\/\/www.micole.net\/blog\/educacion\/tonucci-frato-escuchar-a-la-infancia-en-la-escuela\/#primaryimage\"},\"thumbnailUrl\":\"https:\/\/www.micole.net\/blog\/wp-content\/uploads\/2021\/02\/frato7-copia.jpg\",\"datePublished\":\"2021-02-19T20:03:39+00:00\",\"dateModified\":\"2022-03-15T19:30:29+00:00\",\"description\":\"Existe una necesidad de escuchar a la infancia dentro y fuera de la escuela. Algo muy alineado con el cambio actual profundo que est\u00e1 viviendo la educaci\u00f3n.\",\"breadcrumb\":{\"@id\":\"https:\/\/www.micole.net\/blog\/educacion\/tonucci-frato-escuchar-a-la-infancia-en-la-escuela\/#breadcrumb\"},\"inLanguage\":\"es\",\"potentialAction\":[{\"@type\":\"ReadAction\",\"target\":[\"https:\/\/www.micole.net\/blog\/educacion\/tonucci-frato-escuchar-a-la-infancia-en-la-escuela\/\"]}]},{\"@type\":\"ImageObject\",\"inLanguage\":\"es\",\"@id\":\"https:\/\/www.micole.net\/blog\/educacion\/tonucci-frato-escuchar-a-la-infancia-en-la-escuela\/#primaryimage\",\"url\":\"https:\/\/www.micole.net\/blog\/wp-content\/uploads\/2021\/02\/frato7-copia.jpg\",\"contentUrl\":\"https:\/\/www.micole.net\/blog\/wp-content\/uploads\/2021\/02\/frato7-copia.jpg\",\"width\":750,\"height\":400,\"caption\":\"Escuchar a la infancia, Frato\"},{\"@type\":\"BreadcrumbList\",\"@id\":\"https:\/\/www.micole.net\/blog\/educacion\/tonucci-frato-escuchar-a-la-infancia-en-la-escuela\/#breadcrumb\",\"itemListElement\":[{\"@type\":\"ListItem\",\"position\":1,\"name\":\"Portada\",\"item\":\"https:\/\/www.micole.net\/blog\/\"},{\"@type\":\"ListItem\",\"position\":2,\"name\":\"Escuchar a la infancia en la escuela\"}]},{\"@type\":\"WebSite\",\"@id\":\"https:\/\/www.micole.net\/blog\/#website\",\"url\":\"https:\/\/www.micole.net\/blog\/\",\"name\":\"Blog Micole\",\"description\":\"En el Blog de Micole encontrar\u00e1s contenido y recursos relacionados con la educaci\u00f3n y la crianza de los hijos\",\"publisher\":{\"@id\":\"https:\/\/www.micole.net\/blog\/#organization\"},\"potentialAction\":[{\"@type\":\"SearchAction\",\"target\":{\"@type\":\"EntryPoint\",\"urlTemplate\":\"https:\/\/www.micole.net\/blog\/?s={search_term_string}\"},\"query-input\":{\"@type\":\"PropertyValueSpecification\",\"valueRequired\":true,\"valueName\":\"search_term_string\"}}],\"inLanguage\":\"es\"},{\"@type\":\"Organization\",\"@id\":\"https:\/\/www.micole.net\/blog\/#organization\",\"name\":\"Micole\",\"url\":\"https:\/\/www.micole.net\/blog\/\",\"logo\":{\"@type\":\"ImageObject\",\"inLanguage\":\"es\",\"@id\":\"https:\/\/www.micole.net\/blog\/#\/schema\/logo\/image\/\",\"url\":\"https:\/\/www.micole.net\/blog\/wp-content\/uploads\/2019\/12\/logo.png\",\"contentUrl\":\"https:\/\/www.micole.net\/blog\/wp-content\/uploads\/2019\/12\/logo.png\",\"width\":1200,\"height\":1200,\"caption\":\"Micole\"},\"image\":{\"@id\":\"https:\/\/www.micole.net\/blog\/#\/schema\/logo\/image\/\"},\"sameAs\":[\"https:\/\/www.facebook.com\/micoleoficial\/\",\"https:\/\/www.instagram.com\/micoleoficial\/\"]},{\"@type\":\"Person\",\"@id\":\"https:\/\/www.micole.net\/blog\/#\/schema\/person\/861e4d9a8ce4499d9c106c2ac39f8951\",\"name\":\"El equipo de Micole\",\"image\":{\"@type\":\"ImageObject\",\"inLanguage\":\"es\",\"@id\":\"https:\/\/www.micole.net\/blog\/#\/schema\/person\/image\/\",\"url\":\"https:\/\/secure.gravatar.com\/avatar\/1cd164d7ed5bce011a362aac715fce0d7731ec230263bea587c3176ae3cf4290?s=96&d=mm&r=g\",\"contentUrl\":\"https:\/\/secure.gravatar.com\/avatar\/1cd164d7ed5bce011a362aac715fce0d7731ec230263bea587c3176ae3cf4290?s=96&d=mm&r=g\",\"caption\":\"El equipo de Micole\"}}]}<\/script>\n<!-- \/ Yoast SEO plugin. -->","yoast_head_json":{"title":"Escuchar a la infancia en la escuela-Francisco Tonucci","description":"Existe una necesidad de escuchar a la infancia dentro y fuera de la escuela. Algo muy alineado con el cambio actual profundo que est\u00e1 viviendo la educaci\u00f3n.","robots":{"index":"index","follow":"follow","max-snippet":"max-snippet:-1","max-image-preview":"max-image-preview:large","max-video-preview":"max-video-preview:-1"},"canonical":"https:\/\/www.micole.net\/blog\/educacion\/tonucci-frato-escuchar-a-la-infancia-en-la-escuela\/","og_locale":"es_ES","og_type":"article","og_title":"Escuchar a la infancia en la escuela-Francisco Tonucci","og_description":"Existe una necesidad de escuchar a la infancia dentro y fuera de la escuela. Algo muy alineado con el cambio actual profundo que est\u00e1 viviendo la educaci\u00f3n.","og_url":"https:\/\/www.micole.net\/blog\/educacion\/tonucci-frato-escuchar-a-la-infancia-en-la-escuela\/","og_site_name":"Blog Micole","article_publisher":"https:\/\/www.facebook.com\/micoleoficial\/","article_published_time":"2021-02-19T20:03:39+00:00","article_modified_time":"2022-03-15T19:30:29+00:00","og_image":[{"width":750,"height":400,"url":"https:\/\/www.micole.net\/blog\/wp-content\/uploads\/2021\/02\/frato7-copia.jpg","type":"image\/jpeg"}],"author":"El equipo de Micole","twitter_card":"summary_large_image","twitter_misc":{"Escrito por":"El equipo de Micole","Tiempo de lectura":"3 minutos"},"schema":{"@context":"https:\/\/schema.org","@graph":[{"@type":"Article","@id":"https:\/\/www.micole.net\/blog\/educacion\/tonucci-frato-escuchar-a-la-infancia-en-la-escuela\/#article","isPartOf":{"@id":"https:\/\/www.micole.net\/blog\/educacion\/tonucci-frato-escuchar-a-la-infancia-en-la-escuela\/"},"author":{"name":"El equipo de Micole","@id":"https:\/\/www.micole.net\/blog\/#\/schema\/person\/861e4d9a8ce4499d9c106c2ac39f8951"},"headline":"Escuchar a la infancia en la escuela","datePublished":"2021-02-19T20:03:39+00:00","dateModified":"2022-03-15T19:30:29+00:00","mainEntityOfPage":{"@id":"https:\/\/www.micole.net\/blog\/educacion\/tonucci-frato-escuchar-a-la-infancia-en-la-escuela\/"},"wordCount":502,"commentCount":0,"publisher":{"@id":"https:\/\/www.micole.net\/blog\/#organization"},"image":{"@id":"https:\/\/www.micole.net\/blog\/educacion\/tonucci-frato-escuchar-a-la-infancia-en-la-escuela\/#primaryimage"},"thumbnailUrl":"https:\/\/www.micole.net\/blog\/wp-content\/uploads\/2021\/02\/frato7-copia.jpg","articleSection":["Educaci\u00f3n"],"inLanguage":"es","potentialAction":[{"@type":"CommentAction","name":"Comment","target":["https:\/\/www.micole.net\/blog\/educacion\/tonucci-frato-escuchar-a-la-infancia-en-la-escuela\/#respond"]}]},{"@type":"WebPage","@id":"https:\/\/www.micole.net\/blog\/educacion\/tonucci-frato-escuchar-a-la-infancia-en-la-escuela\/","url":"https:\/\/www.micole.net\/blog\/educacion\/tonucci-frato-escuchar-a-la-infancia-en-la-escuela\/","name":"Escuchar a la infancia en la escuela-Francisco Tonucci","isPartOf":{"@id":"https:\/\/www.micole.net\/blog\/#website"},"primaryImageOfPage":{"@id":"https:\/\/www.micole.net\/blog\/educacion\/tonucci-frato-escuchar-a-la-infancia-en-la-escuela\/#primaryimage"},"image":{"@id":"https:\/\/www.micole.net\/blog\/educacion\/tonucci-frato-escuchar-a-la-infancia-en-la-escuela\/#primaryimage"},"thumbnailUrl":"https:\/\/www.micole.net\/blog\/wp-content\/uploads\/2021\/02\/frato7-copia.jpg","datePublished":"2021-02-19T20:03:39+00:00","dateModified":"2022-03-15T19:30:29+00:00","description":"Existe una necesidad de escuchar a la infancia dentro y fuera de la escuela. Algo muy alineado con el cambio actual profundo que est\u00e1 viviendo la educaci\u00f3n.","breadcrumb":{"@id":"https:\/\/www.micole.net\/blog\/educacion\/tonucci-frato-escuchar-a-la-infancia-en-la-escuela\/#breadcrumb"},"inLanguage":"es","potentialAction":[{"@type":"ReadAction","target":["https:\/\/www.micole.net\/blog\/educacion\/tonucci-frato-escuchar-a-la-infancia-en-la-escuela\/"]}]},{"@type":"ImageObject","inLanguage":"es","@id":"https:\/\/www.micole.net\/blog\/educacion\/tonucci-frato-escuchar-a-la-infancia-en-la-escuela\/#primaryimage","url":"https:\/\/www.micole.net\/blog\/wp-content\/uploads\/2021\/02\/frato7-copia.jpg","contentUrl":"https:\/\/www.micole.net\/blog\/wp-content\/uploads\/2021\/02\/frato7-copia.jpg","width":750,"height":400,"caption":"Escuchar a la infancia, Frato"},{"@type":"BreadcrumbList","@id":"https:\/\/www.micole.net\/blog\/educacion\/tonucci-frato-escuchar-a-la-infancia-en-la-escuela\/#breadcrumb","itemListElement":[{"@type":"ListItem","position":1,"name":"Portada","item":"https:\/\/www.micole.net\/blog\/"},{"@type":"ListItem","position":2,"name":"Escuchar a la infancia en la escuela"}]},{"@type":"WebSite","@id":"https:\/\/www.micole.net\/blog\/#website","url":"https:\/\/www.micole.net\/blog\/","name":"Blog Micole","description":"En el Blog de Micole encontrar\u00e1s contenido y recursos relacionados con la educaci\u00f3n y la crianza de los hijos","publisher":{"@id":"https:\/\/www.micole.net\/blog\/#organization"},"potentialAction":[{"@type":"SearchAction","target":{"@type":"EntryPoint","urlTemplate":"https:\/\/www.micole.net\/blog\/?s={search_term_string}"},"query-input":{"@type":"PropertyValueSpecification","valueRequired":true,"valueName":"search_term_string"}}],"inLanguage":"es"},{"@type":"Organization","@id":"https:\/\/www.micole.net\/blog\/#organization","name":"Micole","url":"https:\/\/www.micole.net\/blog\/","logo":{"@type":"ImageObject","inLanguage":"es","@id":"https:\/\/www.micole.net\/blog\/#\/schema\/logo\/image\/","url":"https:\/\/www.micole.net\/blog\/wp-content\/uploads\/2019\/12\/logo.png","contentUrl":"https:\/\/www.micole.net\/blog\/wp-content\/uploads\/2019\/12\/logo.png","width":1200,"height":1200,"caption":"Micole"},"image":{"@id":"https:\/\/www.micole.net\/blog\/#\/schema\/logo\/image\/"},"sameAs":["https:\/\/www.facebook.com\/micoleoficial\/","https:\/\/www.instagram.com\/micoleoficial\/"]},{"@type":"Person","@id":"https:\/\/www.micole.net\/blog\/#\/schema\/person\/861e4d9a8ce4499d9c106c2ac39f8951","name":"El equipo de Micole","image":{"@type":"ImageObject","inLanguage":"es","@id":"https:\/\/www.micole.net\/blog\/#\/schema\/person\/image\/","url":"https:\/\/secure.gravatar.com\/avatar\/1cd164d7ed5bce011a362aac715fce0d7731ec230263bea587c3176ae3cf4290?s=96&d=mm&r=g","contentUrl":"https:\/\/secure.gravatar.com\/avatar\/1cd164d7ed5bce011a362aac715fce0d7731ec230263bea587c3176ae3cf4290?s=96&d=mm&r=g","caption":"El equipo de Micole"}}]}},"_links":{"self":[{"href":"https:\/\/www.micole.net\/blog\/wp-json\/wp\/v2\/posts\/990","targetHints":{"allow":["GET"]}}],"collection":[{"href":"https:\/\/www.micole.net\/blog\/wp-json\/wp\/v2\/posts"}],"about":[{"href":"https:\/\/www.micole.net\/blog\/wp-json\/wp\/v2\/types\/post"}],"author":[{"embeddable":true,"href":"https:\/\/www.micole.net\/blog\/wp-json\/wp\/v2\/users\/1"}],"replies":[{"embeddable":true,"href":"https:\/\/www.micole.net\/blog\/wp-json\/wp\/v2\/comments?post=990"}],"version-history":[{"count":0,"href":"https:\/\/www.micole.net\/blog\/wp-json\/wp\/v2\/posts\/990\/revisions"}],"wp:featuredmedia":[{"embeddable":true,"href":"https:\/\/www.micole.net\/blog\/wp-json\/wp\/v2\/media\/1000"}],"wp:attachment":[{"href":"https:\/\/www.micole.net\/blog\/wp-json\/wp\/v2\/media?parent=990"}],"wp:term":[{"taxonomy":"category","embeddable":true,"href":"https:\/\/www.micole.net\/blog\/wp-json\/wp\/v2\/categories?post=990"},{"taxonomy":"post_tag","embeddable":true,"href":"https:\/\/www.micole.net\/blog\/wp-json\/wp\/v2\/tags?post=990"}],"curies":[{"name":"wp","href":"https:\/\/api.w.org\/{rel}","templated":true}]}}