{"id":978,"date":"2021-01-21T15:34:14","date_gmt":"2021-01-21T14:34:14","guid":{"rendered":"https:\/\/www.micole.net\/blog\/?p=978"},"modified":"2023-06-08T10:31:39","modified_gmt":"2023-06-08T08:31:39","slug":"elegir-colegio-publico-concertado-mejor","status":"publish","type":"post","link":"https:\/\/www.micole.net\/blog\/elegir-colegio\/elegir-colegio-publico-concertado-mejor\/","title":{"rendered":"Elegir colegio p\u00fablico o concertado"},"content":{"rendered":"\n<p>Seleccionar un colegio entre la vasta cantidad de ellos que existe resulta bastante complicado. No podemos simplemente estudiarlos uno por uno. Por esto, desde <a href=\"https:\/\/www.micole.net\/\" target=\"_blank\" rel=\"noreferrer noopener\">Micole<\/a> siempre recomendamos tener claro cu\u00e1les son las caracter\u00edsticas m\u00e1s importantes en primer lugar. Para afinar la b\u00fasqueda. En ese sentido, cada colegio es un mundo \u00fanico, pero es cierto que los diferentes tipos de colegios (p\u00fablico, concertado o privado) cuentan con algunas caracter\u00edsticas habituales asociadas. \u00bfPero, <strong>c\u00f3mo elegir entre colegio p\u00fablico o concertado<\/strong>?<\/p>\n\n\n\n<h2 class=\"wp-block-heading\">Mejor colegio p\u00fablico o\nconcertado<\/h2>\n\n\n\n<p>Esta es una\npregunta sin una respuesta verdaderamente certera. Despu\u00e9s de todo, y como\napunt\u00e1bamos ya antes, los colegios p\u00fablicos tienen caracter\u00edsticas \u00fanicas que\nresultar\u00e1n m\u00e1s atractivas para unos padres. Lo mismo ocurre con los colegios\nconcertados. En ese sentido, elegir entre <strong>colegio p\u00fablico o concertado<\/strong>\ntiene m\u00e1s que ver con las preferencias personales que con una naturaleza\nsuperior de uno de ellos sobre el otro. Ahora bien, \u00bfqu\u00e9 caracter\u00edsticas son\nesas? \u00bfQu\u00e9 hace que un colegio sea p\u00fablico o concertado?<\/p>\n\n\n\n<p>Los\ncolegios p\u00fablicos son colegios financiados enteramente por la administraci\u00f3n\np\u00fablica. En ese aspecto, la \u00fanica inversi\u00f3n que requiere son los libros y\nmateriales escolares, no as\u00ed una matr\u00edcula o pago mensual. Eso hace que los\ncolegios p\u00fablicos sean ideales para personas con menos recursos, as\u00ed como para\ndefensores del modelo p\u00fablico. Adem\u00e1s, el profesorado alcanza su puesto de\ntrabajo tras superar unas oposiciones. En este sentido, \u00bf<strong>qu\u00e9 es mejor: el\ncolegio p\u00fablico o concertado<\/strong>? Depende, como dec\u00edamos, de ti.<\/p>\n\n\n\n<h2 class=\"wp-block-heading\">Qu\u00e9 es mejor: colegio\np\u00fablico o concertado<\/h2>\n\n\n\n<p>Porque los colegios concertados ofrecen un panorama muy diferente. Despu\u00e9s de todo son colegios que aunque deben ajustarse a determinadas normas y contenido educativo establecidas por la administraci\u00f3n p\u00fablica, tienen libertad para decidir muchas otras cuestiones acerca de su organizaci\u00f3n y funcionamiento. De hecho, los profesores no deben superar unas oposiciones sino que son contratados por la direcci\u00f3n del centro. Que eso haga <strong>mejor al colegio p\u00fablico o concertado<\/strong> es una cuesti\u00f3n de opini\u00f3n personal.<\/p>\n\n\n\n<p>Nosotros\nsolo damos informaci\u00f3n. Y otra muy importante es que, en muchos casos, y aunque\nestos colegios concertados est\u00e1n financiados con fondos p\u00fablicos, los padres\ndeben abonar una cuant\u00eda mensual. La raz\u00f3n es, en teor\u00eda, aumentar la calidad\nde la ense\u00f1anza. De nuevo, que sea as\u00ed o no es una cuesti\u00f3n que no puede\nvalorarse sin experimentar e investigar en profundidad la totalidad de los\ncentros. No obstante, la realidad es que el 28% de los alumnos espa\u00f1oles acuden\na colegios concertados. Una gran cifra.<\/p>\n\n\n\n<h3 class=\"wp-block-heading\">Elegir entre colegio\np\u00fablico y concertado<\/h3>\n\n\n\n<p>En t\u00e9rminos generales, eso s\u00ed, las instalaciones y tecnolog\u00edas de los <a href=\"https:\/\/www.micole.net\/blog\/elegir-colegio\/educacion-concertada-espana-coste-alumnos\/\" target=\"_blank\" rel=\"noreferrer noopener\">colegios concertados<\/a> suelen ser mejores. Tambi\u00e9n la presencia de actividades extraescolares, aunque suelen implicar un coste adicional. No obstante, otra de las razones por la que muchos padres resuelven el debate sobre si es <strong>mejor el colegio p\u00fablico o el concertado<\/strong> en favor de este \u00faltimo es el ideario. Al fin y al cabo, la mayor\u00eda de los colegios concertados son colegios religiosos con una gran presencia de la religi\u00f3n, aunque las pr\u00e1cticas confesionales sean optativas. <\/p>\n\n\n\n<p>Por supuesto, esto supone un h\u00e1ndicap para muchos otros padres que prefieren que sus hijos estudien en un colegio laico. Para ellos, la respuesta a la pregunta sobre <strong>qu\u00e9 es mejor: colegio p\u00fablico o concertado<\/strong> est\u00e1 m\u00e1s decantada hacia el primero. Al final, y como adelant\u00e1bamos al inicio, depende del valor que demos a un gran abanico de factores como el dinero, el ideario o el profesorado. Hay mucho tiempo para pensarlo bien y tomar la mejor decisi\u00f3n para nuestros hijos. Cuando lo tengas claro, nosotros te ayudamos a encontrarlo. <\/p>\n","protected":false},"excerpt":{"rendered":"<p>Seleccionar un colegio entre la vasta cantidad de ellos que existe resulta bastante complicado. No podemos simplemente estudiarlos uno por uno. Por esto, desde Micole siempre recomendamos tener claro cu\u00e1les son las caracter\u00edsticas m\u00e1s importantes en primer lugar. Para afinar la b\u00fasqueda. En ese sentido, cada colegio es un mundo \u00fanico, pero es cierto que &hellip;<\/p>\n<p class=\"read-more\"> <a class=\"\" href=\"https:\/\/www.micole.net\/blog\/elegir-colegio\/elegir-colegio-publico-concertado-mejor\/\"> <span class=\"screen-reader-text\">Elegir colegio p\u00fablico o concertado<\/span> Leer m\u00e1s &raquo;<\/a><\/p>\n","protected":false},"author":1,"featured_media":983,"comment_status":"open","ping_status":"open","sticky":false,"template":"","format":"standard","meta":{"content-type":"","sfsi_plus_gutenberg_text_before_share":"","sfsi_plus_gutenberg_show_text_before_share":"","sfsi_plus_gutenberg_icon_type":"","sfsi_plus_gutenberg_icon_alignemt":"","sfsi_plus_gutenburg_max_per_row":"","site-sidebar-layout":"default","site-content-layout":"","ast-site-content-layout":"","site-content-style":"default","site-sidebar-style":"default","ast-global-header-display":"","ast-banner-title-visibility":"","ast-main-header-display":"","ast-hfb-above-header-display":"","ast-hfb-below-header-display":"","ast-hfb-mobile-header-display":"","site-post-title":"","ast-breadcrumbs-content":"","ast-featured-img":"","footer-sml-layout":"","theme-transparent-header-meta":"","adv-header-id-meta":"","stick-header-meta":"","header-above-stick-meta":"","header-main-stick-meta":"","header-below-stick-meta":"","astra-migrate-meta-layouts":"","footnotes":""},"categories":[8],"tags":[],"class_list":["post-978","post","type-post","status-publish","format-standard","has-post-thumbnail","hentry","category-elegir-colegio"],"yoast_head":"<!-- This site is optimized with the Yoast SEO plugin v26.9 - https:\/\/yoast.com\/product\/yoast-seo-wordpress\/ -->\n<title>Elegir colegio p\u00fablico o concertado | Qu\u00e9 es mejor<\/title>\n<meta name=\"description\" content=\"Elegir colegio p\u00fablico o concertado | Qu\u00e9 es mejor - Te ayudamos a decidir cu\u00e1l de las dos opciones te interesar\u00eda m\u00e1s para la educaci\u00f3n de tus hijos .\" \/>\n<meta name=\"robots\" content=\"index, follow, max-snippet:-1, max-image-preview:large, max-video-preview:-1\" \/>\n<link rel=\"canonical\" href=\"https:\/\/www.micole.net\/blog\/elegir-colegio\/elegir-colegio-publico-concertado-mejor\/\" \/>\n<meta property=\"og:locale\" content=\"es_ES\" \/>\n<meta property=\"og:type\" content=\"article\" \/>\n<meta property=\"og:title\" content=\"Elegir colegio p\u00fablico o concertado | Qu\u00e9 es mejor\" \/>\n<meta property=\"og:description\" content=\"Elegir colegio p\u00fablico o concertado | Qu\u00e9 es mejor - Te ayudamos a decidir cu\u00e1l de las dos opciones te interesar\u00eda m\u00e1s para la educaci\u00f3n de tus hijos .\" \/>\n<meta property=\"og:url\" content=\"https:\/\/www.micole.net\/blog\/elegir-colegio\/elegir-colegio-publico-concertado-mejor\/\" \/>\n<meta property=\"og:site_name\" content=\"Blog Micole\" \/>\n<meta property=\"article:publisher\" content=\"https:\/\/www.facebook.com\/micoleoficial\/\" \/>\n<meta property=\"article:published_time\" content=\"2021-01-21T14:34:14+00:00\" \/>\n<meta property=\"article:modified_time\" content=\"2023-06-08T08:31:39+00:00\" \/>\n<meta property=\"og:image\" content=\"https:\/\/www.micole.net\/blog\/wp-content\/uploads\/2021\/01\/teacher-3765909_1920.jpg\" \/>\n\t<meta property=\"og:image:width\" content=\"1920\" \/>\n\t<meta property=\"og:image:height\" content=\"1282\" \/>\n\t<meta property=\"og:image:type\" content=\"image\/jpeg\" \/>\n<meta name=\"author\" content=\"El equipo de Micole\" \/>\n<meta name=\"twitter:card\" content=\"summary_large_image\" \/>\n<meta name=\"twitter:label1\" content=\"Escrito por\" \/>\n\t<meta name=\"twitter:data1\" content=\"El equipo de Micole\" \/>\n\t<meta name=\"twitter:label2\" content=\"Tiempo de lectura\" \/>\n\t<meta name=\"twitter:data2\" content=\"3 minutos\" \/>\n<script type=\"application\/ld+json\" class=\"yoast-schema-graph\">{\"@context\":\"https:\/\/schema.org\",\"@graph\":[{\"@type\":\"Article\",\"@id\":\"https:\/\/www.micole.net\/blog\/elegir-colegio\/elegir-colegio-publico-concertado-mejor\/#article\",\"isPartOf\":{\"@id\":\"https:\/\/www.micole.net\/blog\/elegir-colegio\/elegir-colegio-publico-concertado-mejor\/\"},\"author\":{\"name\":\"El equipo de Micole\",\"@id\":\"https:\/\/www.micole.net\/blog\/#\/schema\/person\/861e4d9a8ce4499d9c106c2ac39f8951\"},\"headline\":\"Elegir colegio p\u00fablico o concertado\",\"datePublished\":\"2021-01-21T14:34:14+00:00\",\"dateModified\":\"2023-06-08T08:31:39+00:00\",\"mainEntityOfPage\":{\"@id\":\"https:\/\/www.micole.net\/blog\/elegir-colegio\/elegir-colegio-publico-concertado-mejor\/\"},\"wordCount\":659,\"commentCount\":0,\"publisher\":{\"@id\":\"https:\/\/www.micole.net\/blog\/#organization\"},\"image\":{\"@id\":\"https:\/\/www.micole.net\/blog\/elegir-colegio\/elegir-colegio-publico-concertado-mejor\/#primaryimage\"},\"thumbnailUrl\":\"https:\/\/www.micole.net\/blog\/wp-content\/uploads\/2021\/01\/teacher-3765909_1920.jpg\",\"articleSection\":[\"Elegir colegio\"],\"inLanguage\":\"es\",\"potentialAction\":[{\"@type\":\"CommentAction\",\"name\":\"Comment\",\"target\":[\"https:\/\/www.micole.net\/blog\/elegir-colegio\/elegir-colegio-publico-concertado-mejor\/#respond\"]}]},{\"@type\":\"WebPage\",\"@id\":\"https:\/\/www.micole.net\/blog\/elegir-colegio\/elegir-colegio-publico-concertado-mejor\/\",\"url\":\"https:\/\/www.micole.net\/blog\/elegir-colegio\/elegir-colegio-publico-concertado-mejor\/\",\"name\":\"Elegir colegio p\u00fablico o concertado | Qu\u00e9 es mejor\",\"isPartOf\":{\"@id\":\"https:\/\/www.micole.net\/blog\/#website\"},\"primaryImageOfPage\":{\"@id\":\"https:\/\/www.micole.net\/blog\/elegir-colegio\/elegir-colegio-publico-concertado-mejor\/#primaryimage\"},\"image\":{\"@id\":\"https:\/\/www.micole.net\/blog\/elegir-colegio\/elegir-colegio-publico-concertado-mejor\/#primaryimage\"},\"thumbnailUrl\":\"https:\/\/www.micole.net\/blog\/wp-content\/uploads\/2021\/01\/teacher-3765909_1920.jpg\",\"datePublished\":\"2021-01-21T14:34:14+00:00\",\"dateModified\":\"2023-06-08T08:31:39+00:00\",\"description\":\"Elegir colegio p\u00fablico o concertado | Qu\u00e9 es mejor - Te ayudamos a decidir cu\u00e1l de las dos opciones te interesar\u00eda m\u00e1s para la educaci\u00f3n de tus hijos .\",\"breadcrumb\":{\"@id\":\"https:\/\/www.micole.net\/blog\/elegir-colegio\/elegir-colegio-publico-concertado-mejor\/#breadcrumb\"},\"inLanguage\":\"es\",\"potentialAction\":[{\"@type\":\"ReadAction\",\"target\":[\"https:\/\/www.micole.net\/blog\/elegir-colegio\/elegir-colegio-publico-concertado-mejor\/\"]}]},{\"@type\":\"ImageObject\",\"inLanguage\":\"es\",\"@id\":\"https:\/\/www.micole.net\/blog\/elegir-colegio\/elegir-colegio-publico-concertado-mejor\/#primaryimage\",\"url\":\"https:\/\/www.micole.net\/blog\/wp-content\/uploads\/2021\/01\/teacher-3765909_1920.jpg\",\"contentUrl\":\"https:\/\/www.micole.net\/blog\/wp-content\/uploads\/2021\/01\/teacher-3765909_1920.jpg\",\"width\":1920,\"height\":1282},{\"@type\":\"BreadcrumbList\",\"@id\":\"https:\/\/www.micole.net\/blog\/elegir-colegio\/elegir-colegio-publico-concertado-mejor\/#breadcrumb\",\"itemListElement\":[{\"@type\":\"ListItem\",\"position\":1,\"name\":\"Portada\",\"item\":\"https:\/\/www.micole.net\/blog\/\"},{\"@type\":\"ListItem\",\"position\":2,\"name\":\"Elegir colegio p\u00fablico o concertado\"}]},{\"@type\":\"WebSite\",\"@id\":\"https:\/\/www.micole.net\/blog\/#website\",\"url\":\"https:\/\/www.micole.net\/blog\/\",\"name\":\"Blog Micole\",\"description\":\"En el Blog de Micole encontrar\u00e1s contenido y recursos relacionados con la educaci\u00f3n y la crianza de los hijos\",\"publisher\":{\"@id\":\"https:\/\/www.micole.net\/blog\/#organization\"},\"potentialAction\":[{\"@type\":\"SearchAction\",\"target\":{\"@type\":\"EntryPoint\",\"urlTemplate\":\"https:\/\/www.micole.net\/blog\/?s={search_term_string}\"},\"query-input\":{\"@type\":\"PropertyValueSpecification\",\"valueRequired\":true,\"valueName\":\"search_term_string\"}}],\"inLanguage\":\"es\"},{\"@type\":\"Organization\",\"@id\":\"https:\/\/www.micole.net\/blog\/#organization\",\"name\":\"Micole\",\"url\":\"https:\/\/www.micole.net\/blog\/\",\"logo\":{\"@type\":\"ImageObject\",\"inLanguage\":\"es\",\"@id\":\"https:\/\/www.micole.net\/blog\/#\/schema\/logo\/image\/\",\"url\":\"https:\/\/www.micole.net\/blog\/wp-content\/uploads\/2019\/12\/logo.png\",\"contentUrl\":\"https:\/\/www.micole.net\/blog\/wp-content\/uploads\/2019\/12\/logo.png\",\"width\":1200,\"height\":1200,\"caption\":\"Micole\"},\"image\":{\"@id\":\"https:\/\/www.micole.net\/blog\/#\/schema\/logo\/image\/\"},\"sameAs\":[\"https:\/\/www.facebook.com\/micoleoficial\/\",\"https:\/\/www.instagram.com\/micoleoficial\/\"]},{\"@type\":\"Person\",\"@id\":\"https:\/\/www.micole.net\/blog\/#\/schema\/person\/861e4d9a8ce4499d9c106c2ac39f8951\",\"name\":\"El equipo de Micole\",\"image\":{\"@type\":\"ImageObject\",\"inLanguage\":\"es\",\"@id\":\"https:\/\/www.micole.net\/blog\/#\/schema\/person\/image\/\",\"url\":\"https:\/\/secure.gravatar.com\/avatar\/1cd164d7ed5bce011a362aac715fce0d7731ec230263bea587c3176ae3cf4290?s=96&d=mm&r=g\",\"contentUrl\":\"https:\/\/secure.gravatar.com\/avatar\/1cd164d7ed5bce011a362aac715fce0d7731ec230263bea587c3176ae3cf4290?s=96&d=mm&r=g\",\"caption\":\"El equipo de Micole\"}}]}<\/script>\n<!-- \/ Yoast SEO plugin. -->","yoast_head_json":{"title":"Elegir colegio p\u00fablico o concertado | Qu\u00e9 es mejor","description":"Elegir colegio p\u00fablico o concertado | Qu\u00e9 es mejor - Te ayudamos a decidir cu\u00e1l de las dos opciones te interesar\u00eda m\u00e1s para la educaci\u00f3n de tus hijos .","robots":{"index":"index","follow":"follow","max-snippet":"max-snippet:-1","max-image-preview":"max-image-preview:large","max-video-preview":"max-video-preview:-1"},"canonical":"https:\/\/www.micole.net\/blog\/elegir-colegio\/elegir-colegio-publico-concertado-mejor\/","og_locale":"es_ES","og_type":"article","og_title":"Elegir colegio p\u00fablico o concertado | Qu\u00e9 es mejor","og_description":"Elegir colegio p\u00fablico o concertado | Qu\u00e9 es mejor - Te ayudamos a decidir cu\u00e1l de las dos opciones te interesar\u00eda m\u00e1s para la educaci\u00f3n de tus hijos .","og_url":"https:\/\/www.micole.net\/blog\/elegir-colegio\/elegir-colegio-publico-concertado-mejor\/","og_site_name":"Blog Micole","article_publisher":"https:\/\/www.facebook.com\/micoleoficial\/","article_published_time":"2021-01-21T14:34:14+00:00","article_modified_time":"2023-06-08T08:31:39+00:00","og_image":[{"width":1920,"height":1282,"url":"https:\/\/www.micole.net\/blog\/wp-content\/uploads\/2021\/01\/teacher-3765909_1920.jpg","type":"image\/jpeg"}],"author":"El equipo de Micole","twitter_card":"summary_large_image","twitter_misc":{"Escrito por":"El equipo de Micole","Tiempo de lectura":"3 minutos"},"schema":{"@context":"https:\/\/schema.org","@graph":[{"@type":"Article","@id":"https:\/\/www.micole.net\/blog\/elegir-colegio\/elegir-colegio-publico-concertado-mejor\/#article","isPartOf":{"@id":"https:\/\/www.micole.net\/blog\/elegir-colegio\/elegir-colegio-publico-concertado-mejor\/"},"author":{"name":"El equipo de Micole","@id":"https:\/\/www.micole.net\/blog\/#\/schema\/person\/861e4d9a8ce4499d9c106c2ac39f8951"},"headline":"Elegir colegio p\u00fablico o concertado","datePublished":"2021-01-21T14:34:14+00:00","dateModified":"2023-06-08T08:31:39+00:00","mainEntityOfPage":{"@id":"https:\/\/www.micole.net\/blog\/elegir-colegio\/elegir-colegio-publico-concertado-mejor\/"},"wordCount":659,"commentCount":0,"publisher":{"@id":"https:\/\/www.micole.net\/blog\/#organization"},"image":{"@id":"https:\/\/www.micole.net\/blog\/elegir-colegio\/elegir-colegio-publico-concertado-mejor\/#primaryimage"},"thumbnailUrl":"https:\/\/www.micole.net\/blog\/wp-content\/uploads\/2021\/01\/teacher-3765909_1920.jpg","articleSection":["Elegir colegio"],"inLanguage":"es","potentialAction":[{"@type":"CommentAction","name":"Comment","target":["https:\/\/www.micole.net\/blog\/elegir-colegio\/elegir-colegio-publico-concertado-mejor\/#respond"]}]},{"@type":"WebPage","@id":"https:\/\/www.micole.net\/blog\/elegir-colegio\/elegir-colegio-publico-concertado-mejor\/","url":"https:\/\/www.micole.net\/blog\/elegir-colegio\/elegir-colegio-publico-concertado-mejor\/","name":"Elegir colegio p\u00fablico o concertado | Qu\u00e9 es mejor","isPartOf":{"@id":"https:\/\/www.micole.net\/blog\/#website"},"primaryImageOfPage":{"@id":"https:\/\/www.micole.net\/blog\/elegir-colegio\/elegir-colegio-publico-concertado-mejor\/#primaryimage"},"image":{"@id":"https:\/\/www.micole.net\/blog\/elegir-colegio\/elegir-colegio-publico-concertado-mejor\/#primaryimage"},"thumbnailUrl":"https:\/\/www.micole.net\/blog\/wp-content\/uploads\/2021\/01\/teacher-3765909_1920.jpg","datePublished":"2021-01-21T14:34:14+00:00","dateModified":"2023-06-08T08:31:39+00:00","description":"Elegir colegio p\u00fablico o concertado | Qu\u00e9 es mejor - Te ayudamos a decidir cu\u00e1l de las dos opciones te interesar\u00eda m\u00e1s para la educaci\u00f3n de tus hijos .","breadcrumb":{"@id":"https:\/\/www.micole.net\/blog\/elegir-colegio\/elegir-colegio-publico-concertado-mejor\/#breadcrumb"},"inLanguage":"es","potentialAction":[{"@type":"ReadAction","target":["https:\/\/www.micole.net\/blog\/elegir-colegio\/elegir-colegio-publico-concertado-mejor\/"]}]},{"@type":"ImageObject","inLanguage":"es","@id":"https:\/\/www.micole.net\/blog\/elegir-colegio\/elegir-colegio-publico-concertado-mejor\/#primaryimage","url":"https:\/\/www.micole.net\/blog\/wp-content\/uploads\/2021\/01\/teacher-3765909_1920.jpg","contentUrl":"https:\/\/www.micole.net\/blog\/wp-content\/uploads\/2021\/01\/teacher-3765909_1920.jpg","width":1920,"height":1282},{"@type":"BreadcrumbList","@id":"https:\/\/www.micole.net\/blog\/elegir-colegio\/elegir-colegio-publico-concertado-mejor\/#breadcrumb","itemListElement":[{"@type":"ListItem","position":1,"name":"Portada","item":"https:\/\/www.micole.net\/blog\/"},{"@type":"ListItem","position":2,"name":"Elegir colegio p\u00fablico o concertado"}]},{"@type":"WebSite","@id":"https:\/\/www.micole.net\/blog\/#website","url":"https:\/\/www.micole.net\/blog\/","name":"Blog Micole","description":"En el Blog de Micole encontrar\u00e1s contenido y recursos relacionados con la educaci\u00f3n y la crianza de los hijos","publisher":{"@id":"https:\/\/www.micole.net\/blog\/#organization"},"potentialAction":[{"@type":"SearchAction","target":{"@type":"EntryPoint","urlTemplate":"https:\/\/www.micole.net\/blog\/?s={search_term_string}"},"query-input":{"@type":"PropertyValueSpecification","valueRequired":true,"valueName":"search_term_string"}}],"inLanguage":"es"},{"@type":"Organization","@id":"https:\/\/www.micole.net\/blog\/#organization","name":"Micole","url":"https:\/\/www.micole.net\/blog\/","logo":{"@type":"ImageObject","inLanguage":"es","@id":"https:\/\/www.micole.net\/blog\/#\/schema\/logo\/image\/","url":"https:\/\/www.micole.net\/blog\/wp-content\/uploads\/2019\/12\/logo.png","contentUrl":"https:\/\/www.micole.net\/blog\/wp-content\/uploads\/2019\/12\/logo.png","width":1200,"height":1200,"caption":"Micole"},"image":{"@id":"https:\/\/www.micole.net\/blog\/#\/schema\/logo\/image\/"},"sameAs":["https:\/\/www.facebook.com\/micoleoficial\/","https:\/\/www.instagram.com\/micoleoficial\/"]},{"@type":"Person","@id":"https:\/\/www.micole.net\/blog\/#\/schema\/person\/861e4d9a8ce4499d9c106c2ac39f8951","name":"El equipo de Micole","image":{"@type":"ImageObject","inLanguage":"es","@id":"https:\/\/www.micole.net\/blog\/#\/schema\/person\/image\/","url":"https:\/\/secure.gravatar.com\/avatar\/1cd164d7ed5bce011a362aac715fce0d7731ec230263bea587c3176ae3cf4290?s=96&d=mm&r=g","contentUrl":"https:\/\/secure.gravatar.com\/avatar\/1cd164d7ed5bce011a362aac715fce0d7731ec230263bea587c3176ae3cf4290?s=96&d=mm&r=g","caption":"El equipo de Micole"}}]}},"_links":{"self":[{"href":"https:\/\/www.micole.net\/blog\/wp-json\/wp\/v2\/posts\/978","targetHints":{"allow":["GET"]}}],"collection":[{"href":"https:\/\/www.micole.net\/blog\/wp-json\/wp\/v2\/posts"}],"about":[{"href":"https:\/\/www.micole.net\/blog\/wp-json\/wp\/v2\/types\/post"}],"author":[{"embeddable":true,"href":"https:\/\/www.micole.net\/blog\/wp-json\/wp\/v2\/users\/1"}],"replies":[{"embeddable":true,"href":"https:\/\/www.micole.net\/blog\/wp-json\/wp\/v2\/comments?post=978"}],"version-history":[{"count":0,"href":"https:\/\/www.micole.net\/blog\/wp-json\/wp\/v2\/posts\/978\/revisions"}],"wp:featuredmedia":[{"embeddable":true,"href":"https:\/\/www.micole.net\/blog\/wp-json\/wp\/v2\/media\/983"}],"wp:attachment":[{"href":"https:\/\/www.micole.net\/blog\/wp-json\/wp\/v2\/media?parent=978"}],"wp:term":[{"taxonomy":"category","embeddable":true,"href":"https:\/\/www.micole.net\/blog\/wp-json\/wp\/v2\/categories?post=978"},{"taxonomy":"post_tag","embeddable":true,"href":"https:\/\/www.micole.net\/blog\/wp-json\/wp\/v2\/tags?post=978"}],"curies":[{"name":"wp","href":"https:\/\/api.w.org\/{rel}","templated":true}]}}