{"id":9684,"date":"2026-04-28T15:25:34","date_gmt":"2026-04-28T13:25:34","guid":{"rendered":"https:\/\/www.micole.net\/blog\/estudios-informes\/colegios-internacionales-en-guayaquil-ib-y-programas-globales-2026\/"},"modified":"2026-04-28T15:25:34","modified_gmt":"2026-04-28T13:25:34","slug":"colegios-internacionales-en-guayaquil-ib-y-programas-globales-2026","status":"publish","type":"post","link":"https:\/\/www.micole.net\/blog\/elegir-colegio\/colegios-internacionales-en-guayaquil-ib-y-programas-globales-2026\/","title":{"rendered":"Colegios internacionales en Guayaquil: IB y programas globales 2026"},"content":{"rendered":"<p>Guayaquil es el principal motor econ\u00f3mico de Ecuador y sede de muchas empresas multinacionales. Esta realidad ha generado una demanda sostenida de colegios internacionales que puedan dar respuesta a las familias expatriadas y a los ecuatorianos con proyecci\u00f3n internacional. Esta gu\u00eda te presenta el panorama actualizado para 2026.<\/p>\n<h2>\u00bfQu\u00e9 ofrecen los colegios internacionales de Guayaquil?<\/h2>\n<p>Los colegios internacionales de Guayaquil se distinguen por ofrecer uno o m\u00e1s de estos elementos:<\/p>\n<ul>\n<li><strong>Curr\u00edculo internacional:<\/strong> IB, Cambridge o curr\u00edculo americano que permite la convalidaci\u00f3n en el extranjero.<\/li>\n<li><strong>Lengua vehicular en ingl\u00e9s:<\/strong> Con espa\u00f1ol como asignatura adicional o biling\u00fcismo pleno.<\/li>\n<li><strong>Comunidad multicultural:<\/strong> Con alumnos de distintas nacionalidades que enriquecen la experiencia escolar.<\/li>\n<li><strong>Certificaciones externas:<\/strong> Que validan el nivel acad\u00e9mico ante universidades internacionales.<\/li>\n<\/ul>\n<h2>El Bachillerato Internacional en Guayaquil<\/h2>\n<p>El <a href=\"https:\/\/www.micole.net\/blog\/educacion\/bachillerato-internacional-en-ecuador-colegios-con-programa-ib\/\">IB en Ecuador<\/a> tiene presencia en Guayaquil con varios colegios autorizados. El Programa del Diploma IB es especialmente valorado por las familias que proyectan que sus hijos estudien en universidades de Estados Unidos, Europa o Canad\u00e1. Los colegios IB de Guayaquil se concentran principalmente en las zonas de Samborond\u00f3n, Urdesa y La Aurora.<\/p>\n<h2>Zonificaci\u00f3n de los colegios internacionales en Guayaquil<\/h2>\n<ul>\n<li><strong>Samborond\u00f3n y La Puntilla:<\/strong> El \u00e1rea de mayor crecimiento educativo privado, con varios colegios internacionales de reciente apertura.<\/li>\n<li><strong>Urdesa Central y Norte:<\/strong> Zona tradicional con colegios de larga trayectoria.<\/li>\n<li><strong>V\u00eda a la Costa:<\/strong> Con opciones m\u00e1s espaciosas y entornos naturales, cada vez m\u00e1s demandados por familias j\u00f3venes.<\/li>\n<\/ul>\n<h2>Costes y admisi\u00f3n<\/h2>\n<p>Los colegios internacionales de Guayaquil tienen las pensiones m\u00e1s altas del sistema educativo ecuatoriano: entre $600 y $1.800 d\u00f3lares mensuales. A esto se suman las tarifas de matr\u00edcula, uniforme, transporte y actividades. El proceso de admisi\u00f3n incluye habitualmente entrevistas con los padres, evaluaci\u00f3n del nivel acad\u00e9mico del alumno y, en algunos centros, prueba de ingl\u00e9s.<\/p>\n","protected":false},"excerpt":{"rendered":"<p>Guayaquil es el principal motor econ\u00f3mico de Ecuador y sede de muchas empresas multinacionales. Esta realidad ha generado una demanda sostenida de colegios internacionales que puedan dar respuesta a las familias expatriadas y a los ecuatorianos con proyecci\u00f3n internacional. Esta gu\u00eda te presenta el panorama actualizado para 2026. \u00bfQu\u00e9 ofrecen los colegios internacionales de Guayaquil? &hellip;<\/p>\n<p class=\"read-more\"> <a class=\"\" href=\"https:\/\/www.micole.net\/blog\/elegir-colegio\/colegios-internacionales-en-guayaquil-ib-y-programas-globales-2026\/\"> <span class=\"screen-reader-text\">Colegios internacionales en Guayaquil: IB y programas globales 2026<\/span> Leer m\u00e1s &raquo;<\/a><\/p>\n","protected":false},"author":1,"featured_media":0,"comment_status":"open","ping_status":"open","sticky":false,"template":"","format":"standard","meta":{"content-type":"","sfsi_plus_gutenberg_text_before_share":"","sfsi_plus_gutenberg_show_text_before_share":"","sfsi_plus_gutenberg_icon_type":"","sfsi_plus_gutenberg_icon_alignemt":"","sfsi_plus_gutenburg_max_per_row":"","site-sidebar-layout":"default","site-content-layout":"","ast-site-content-layout":"","site-content-style":"default","site-sidebar-style":"default","ast-global-header-display":"","ast-banner-title-visibility":"","ast-main-header-display":"","ast-hfb-above-header-display":"","ast-hfb-below-header-display":"","ast-hfb-mobile-header-display":"","site-post-title":"","ast-breadcrumbs-content":"","ast-featured-img":"","footer-sml-layout":"","theme-transparent-header-meta":"","adv-header-id-meta":"","stick-header-meta":"","header-above-stick-meta":"","header-main-stick-meta":"","header-below-stick-meta":"","astra-migrate-meta-layouts":"","footnotes":""},"categories":[8],"tags":[],"class_list":["post-9684","post","type-post","status-publish","format-standard","hentry","category-elegir-colegio"],"yoast_head":"<!-- This site is optimized with the Yoast SEO plugin v26.9 - https:\/\/yoast.com\/product\/yoast-seo-wordpress\/ -->\n<title>Colegios internacionales en Guayaquil: IB y programas globales 2026 - Blog Micole<\/title>\n<meta name=\"robots\" content=\"index, follow, max-snippet:-1, max-image-preview:large, max-video-preview:-1\" \/>\n<link rel=\"canonical\" href=\"https:\/\/www.micole.net\/blog\/estudios-informes\/colegios-internacionales-en-guayaquil-ib-y-programas-globales-2026\/\" \/>\n<meta property=\"og:locale\" content=\"es_ES\" \/>\n<meta property=\"og:type\" content=\"article\" \/>\n<meta property=\"og:title\" content=\"Colegios internacionales en Guayaquil: IB y programas globales 2026 - Blog Micole\" \/>\n<meta property=\"og:description\" content=\"Guayaquil es el principal motor econ\u00f3mico de Ecuador y sede de muchas empresas multinacionales. Esta realidad ha generado una demanda sostenida de colegios internacionales que puedan dar respuesta a las familias expatriadas y a los ecuatorianos con proyecci\u00f3n internacional. Esta gu\u00eda te presenta el panorama actualizado para 2026. \u00bfQu\u00e9 ofrecen los colegios internacionales de Guayaquil? &hellip; Colegios internacionales en Guayaquil: IB y programas globales 2026 Leer m\u00e1s &raquo;\" \/>\n<meta property=\"og:url\" content=\"https:\/\/www.micole.net\/blog\/estudios-informes\/colegios-internacionales-en-guayaquil-ib-y-programas-globales-2026\/\" \/>\n<meta property=\"og:site_name\" content=\"Blog Micole\" \/>\n<meta property=\"article:publisher\" content=\"https:\/\/www.facebook.com\/micoleoficial\/\" \/>\n<meta property=\"article:published_time\" content=\"2026-04-28T13:25:34+00:00\" \/>\n<meta name=\"author\" content=\"El equipo de Micole\" \/>\n<meta name=\"twitter:card\" content=\"summary_large_image\" \/>\n<meta name=\"twitter:label1\" content=\"Escrito por\" \/>\n\t<meta name=\"twitter:data1\" content=\"El equipo de Micole\" \/>\n\t<meta name=\"twitter:label2\" content=\"Tiempo de lectura\" \/>\n\t<meta name=\"twitter:data2\" content=\"2 minutos\" \/>\n<script type=\"application\/ld+json\" class=\"yoast-schema-graph\">{\"@context\":\"https:\/\/schema.org\",\"@graph\":[{\"@type\":\"Article\",\"@id\":\"https:\/\/www.micole.net\/blog\/estudios-informes\/colegios-internacionales-en-guayaquil-ib-y-programas-globales-2026\/#article\",\"isPartOf\":{\"@id\":\"https:\/\/www.micole.net\/blog\/estudios-informes\/colegios-internacionales-en-guayaquil-ib-y-programas-globales-2026\/\"},\"author\":{\"name\":\"El equipo de Micole\",\"@id\":\"https:\/\/www.micole.net\/blog\/#\/schema\/person\/861e4d9a8ce4499d9c106c2ac39f8951\"},\"headline\":\"Colegios internacionales en Guayaquil: IB y programas globales 2026\",\"datePublished\":\"2026-04-28T13:25:34+00:00\",\"mainEntityOfPage\":{\"@id\":\"https:\/\/www.micole.net\/blog\/estudios-informes\/colegios-internacionales-en-guayaquil-ib-y-programas-globales-2026\/\"},\"wordCount\":320,\"commentCount\":0,\"publisher\":{\"@id\":\"https:\/\/www.micole.net\/blog\/#organization\"},\"articleSection\":[\"Elegir colegio\"],\"inLanguage\":\"es\",\"potentialAction\":[{\"@type\":\"CommentAction\",\"name\":\"Comment\",\"target\":[\"https:\/\/www.micole.net\/blog\/estudios-informes\/colegios-internacionales-en-guayaquil-ib-y-programas-globales-2026\/#respond\"]}]},{\"@type\":\"WebPage\",\"@id\":\"https:\/\/www.micole.net\/blog\/estudios-informes\/colegios-internacionales-en-guayaquil-ib-y-programas-globales-2026\/\",\"url\":\"https:\/\/www.micole.net\/blog\/estudios-informes\/colegios-internacionales-en-guayaquil-ib-y-programas-globales-2026\/\",\"name\":\"Colegios internacionales en Guayaquil: IB y programas globales 2026 - Blog Micole\",\"isPartOf\":{\"@id\":\"https:\/\/www.micole.net\/blog\/#website\"},\"datePublished\":\"2026-04-28T13:25:34+00:00\",\"breadcrumb\":{\"@id\":\"https:\/\/www.micole.net\/blog\/estudios-informes\/colegios-internacionales-en-guayaquil-ib-y-programas-globales-2026\/#breadcrumb\"},\"inLanguage\":\"es\",\"potentialAction\":[{\"@type\":\"ReadAction\",\"target\":[\"https:\/\/www.micole.net\/blog\/estudios-informes\/colegios-internacionales-en-guayaquil-ib-y-programas-globales-2026\/\"]}]},{\"@type\":\"BreadcrumbList\",\"@id\":\"https:\/\/www.micole.net\/blog\/estudios-informes\/colegios-internacionales-en-guayaquil-ib-y-programas-globales-2026\/#breadcrumb\",\"itemListElement\":[{\"@type\":\"ListItem\",\"position\":1,\"name\":\"Portada\",\"item\":\"https:\/\/www.micole.net\/blog\/\"},{\"@type\":\"ListItem\",\"position\":2,\"name\":\"Colegios internacionales en Guayaquil: IB y programas globales 2026\"}]},{\"@type\":\"WebSite\",\"@id\":\"https:\/\/www.micole.net\/blog\/#website\",\"url\":\"https:\/\/www.micole.net\/blog\/\",\"name\":\"Blog Micole\",\"description\":\"En el Blog de Micole encontrar\u00e1s contenido y recursos relacionados con la educaci\u00f3n y la crianza de los hijos\",\"publisher\":{\"@id\":\"https:\/\/www.micole.net\/blog\/#organization\"},\"potentialAction\":[{\"@type\":\"SearchAction\",\"target\":{\"@type\":\"EntryPoint\",\"urlTemplate\":\"https:\/\/www.micole.net\/blog\/?s={search_term_string}\"},\"query-input\":{\"@type\":\"PropertyValueSpecification\",\"valueRequired\":true,\"valueName\":\"search_term_string\"}}],\"inLanguage\":\"es\"},{\"@type\":\"Organization\",\"@id\":\"https:\/\/www.micole.net\/blog\/#organization\",\"name\":\"Micole\",\"url\":\"https:\/\/www.micole.net\/blog\/\",\"logo\":{\"@type\":\"ImageObject\",\"inLanguage\":\"es\",\"@id\":\"https:\/\/www.micole.net\/blog\/#\/schema\/logo\/image\/\",\"url\":\"https:\/\/www.micole.net\/blog\/wp-content\/uploads\/2019\/12\/logo.png\",\"contentUrl\":\"https:\/\/www.micole.net\/blog\/wp-content\/uploads\/2019\/12\/logo.png\",\"width\":1200,\"height\":1200,\"caption\":\"Micole\"},\"image\":{\"@id\":\"https:\/\/www.micole.net\/blog\/#\/schema\/logo\/image\/\"},\"sameAs\":[\"https:\/\/www.facebook.com\/micoleoficial\/\",\"https:\/\/www.instagram.com\/micoleoficial\/\"]},{\"@type\":\"Person\",\"@id\":\"https:\/\/www.micole.net\/blog\/#\/schema\/person\/861e4d9a8ce4499d9c106c2ac39f8951\",\"name\":\"El equipo de Micole\",\"image\":{\"@type\":\"ImageObject\",\"inLanguage\":\"es\",\"@id\":\"https:\/\/www.micole.net\/blog\/#\/schema\/person\/image\/\",\"url\":\"https:\/\/secure.gravatar.com\/avatar\/1cd164d7ed5bce011a362aac715fce0d7731ec230263bea587c3176ae3cf4290?s=96&d=mm&r=g\",\"contentUrl\":\"https:\/\/secure.gravatar.com\/avatar\/1cd164d7ed5bce011a362aac715fce0d7731ec230263bea587c3176ae3cf4290?s=96&d=mm&r=g\",\"caption\":\"El equipo de Micole\"}}]}<\/script>\n<!-- \/ Yoast SEO plugin. -->","yoast_head_json":{"title":"Colegios internacionales en Guayaquil: IB y programas globales 2026 - Blog Micole","robots":{"index":"index","follow":"follow","max-snippet":"max-snippet:-1","max-image-preview":"max-image-preview:large","max-video-preview":"max-video-preview:-1"},"canonical":"https:\/\/www.micole.net\/blog\/estudios-informes\/colegios-internacionales-en-guayaquil-ib-y-programas-globales-2026\/","og_locale":"es_ES","og_type":"article","og_title":"Colegios internacionales en Guayaquil: IB y programas globales 2026 - Blog Micole","og_description":"Guayaquil es el principal motor econ\u00f3mico de Ecuador y sede de muchas empresas multinacionales. Esta realidad ha generado una demanda sostenida de colegios internacionales que puedan dar respuesta a las familias expatriadas y a los ecuatorianos con proyecci\u00f3n internacional. Esta gu\u00eda te presenta el panorama actualizado para 2026. \u00bfQu\u00e9 ofrecen los colegios internacionales de Guayaquil? &hellip; Colegios internacionales en Guayaquil: IB y programas globales 2026 Leer m\u00e1s &raquo;","og_url":"https:\/\/www.micole.net\/blog\/estudios-informes\/colegios-internacionales-en-guayaquil-ib-y-programas-globales-2026\/","og_site_name":"Blog Micole","article_publisher":"https:\/\/www.facebook.com\/micoleoficial\/","article_published_time":"2026-04-28T13:25:34+00:00","author":"El equipo de Micole","twitter_card":"summary_large_image","twitter_misc":{"Escrito por":"El equipo de Micole","Tiempo de lectura":"2 minutos"},"schema":{"@context":"https:\/\/schema.org","@graph":[{"@type":"Article","@id":"https:\/\/www.micole.net\/blog\/estudios-informes\/colegios-internacionales-en-guayaquil-ib-y-programas-globales-2026\/#article","isPartOf":{"@id":"https:\/\/www.micole.net\/blog\/estudios-informes\/colegios-internacionales-en-guayaquil-ib-y-programas-globales-2026\/"},"author":{"name":"El equipo de Micole","@id":"https:\/\/www.micole.net\/blog\/#\/schema\/person\/861e4d9a8ce4499d9c106c2ac39f8951"},"headline":"Colegios internacionales en Guayaquil: IB y programas globales 2026","datePublished":"2026-04-28T13:25:34+00:00","mainEntityOfPage":{"@id":"https:\/\/www.micole.net\/blog\/estudios-informes\/colegios-internacionales-en-guayaquil-ib-y-programas-globales-2026\/"},"wordCount":320,"commentCount":0,"publisher":{"@id":"https:\/\/www.micole.net\/blog\/#organization"},"articleSection":["Elegir colegio"],"inLanguage":"es","potentialAction":[{"@type":"CommentAction","name":"Comment","target":["https:\/\/www.micole.net\/blog\/estudios-informes\/colegios-internacionales-en-guayaquil-ib-y-programas-globales-2026\/#respond"]}]},{"@type":"WebPage","@id":"https:\/\/www.micole.net\/blog\/estudios-informes\/colegios-internacionales-en-guayaquil-ib-y-programas-globales-2026\/","url":"https:\/\/www.micole.net\/blog\/estudios-informes\/colegios-internacionales-en-guayaquil-ib-y-programas-globales-2026\/","name":"Colegios internacionales en Guayaquil: IB y programas globales 2026 - Blog Micole","isPartOf":{"@id":"https:\/\/www.micole.net\/blog\/#website"},"datePublished":"2026-04-28T13:25:34+00:00","breadcrumb":{"@id":"https:\/\/www.micole.net\/blog\/estudios-informes\/colegios-internacionales-en-guayaquil-ib-y-programas-globales-2026\/#breadcrumb"},"inLanguage":"es","potentialAction":[{"@type":"ReadAction","target":["https:\/\/www.micole.net\/blog\/estudios-informes\/colegios-internacionales-en-guayaquil-ib-y-programas-globales-2026\/"]}]},{"@type":"BreadcrumbList","@id":"https:\/\/www.micole.net\/blog\/estudios-informes\/colegios-internacionales-en-guayaquil-ib-y-programas-globales-2026\/#breadcrumb","itemListElement":[{"@type":"ListItem","position":1,"name":"Portada","item":"https:\/\/www.micole.net\/blog\/"},{"@type":"ListItem","position":2,"name":"Colegios internacionales en Guayaquil: IB y programas globales 2026"}]},{"@type":"WebSite","@id":"https:\/\/www.micole.net\/blog\/#website","url":"https:\/\/www.micole.net\/blog\/","name":"Blog Micole","description":"En el Blog de Micole encontrar\u00e1s contenido y recursos relacionados con la educaci\u00f3n y la crianza de los hijos","publisher":{"@id":"https:\/\/www.micole.net\/blog\/#organization"},"potentialAction":[{"@type":"SearchAction","target":{"@type":"EntryPoint","urlTemplate":"https:\/\/www.micole.net\/blog\/?s={search_term_string}"},"query-input":{"@type":"PropertyValueSpecification","valueRequired":true,"valueName":"search_term_string"}}],"inLanguage":"es"},{"@type":"Organization","@id":"https:\/\/www.micole.net\/blog\/#organization","name":"Micole","url":"https:\/\/www.micole.net\/blog\/","logo":{"@type":"ImageObject","inLanguage":"es","@id":"https:\/\/www.micole.net\/blog\/#\/schema\/logo\/image\/","url":"https:\/\/www.micole.net\/blog\/wp-content\/uploads\/2019\/12\/logo.png","contentUrl":"https:\/\/www.micole.net\/blog\/wp-content\/uploads\/2019\/12\/logo.png","width":1200,"height":1200,"caption":"Micole"},"image":{"@id":"https:\/\/www.micole.net\/blog\/#\/schema\/logo\/image\/"},"sameAs":["https:\/\/www.facebook.com\/micoleoficial\/","https:\/\/www.instagram.com\/micoleoficial\/"]},{"@type":"Person","@id":"https:\/\/www.micole.net\/blog\/#\/schema\/person\/861e4d9a8ce4499d9c106c2ac39f8951","name":"El equipo de Micole","image":{"@type":"ImageObject","inLanguage":"es","@id":"https:\/\/www.micole.net\/blog\/#\/schema\/person\/image\/","url":"https:\/\/secure.gravatar.com\/avatar\/1cd164d7ed5bce011a362aac715fce0d7731ec230263bea587c3176ae3cf4290?s=96&d=mm&r=g","contentUrl":"https:\/\/secure.gravatar.com\/avatar\/1cd164d7ed5bce011a362aac715fce0d7731ec230263bea587c3176ae3cf4290?s=96&d=mm&r=g","caption":"El equipo de Micole"}}]}},"_links":{"self":[{"href":"https:\/\/www.micole.net\/blog\/wp-json\/wp\/v2\/posts\/9684","targetHints":{"allow":["GET"]}}],"collection":[{"href":"https:\/\/www.micole.net\/blog\/wp-json\/wp\/v2\/posts"}],"about":[{"href":"https:\/\/www.micole.net\/blog\/wp-json\/wp\/v2\/types\/post"}],"author":[{"embeddable":true,"href":"https:\/\/www.micole.net\/blog\/wp-json\/wp\/v2\/users\/1"}],"replies":[{"embeddable":true,"href":"https:\/\/www.micole.net\/blog\/wp-json\/wp\/v2\/comments?post=9684"}],"version-history":[{"count":0,"href":"https:\/\/www.micole.net\/blog\/wp-json\/wp\/v2\/posts\/9684\/revisions"}],"wp:attachment":[{"href":"https:\/\/www.micole.net\/blog\/wp-json\/wp\/v2\/media?parent=9684"}],"wp:term":[{"taxonomy":"category","embeddable":true,"href":"https:\/\/www.micole.net\/blog\/wp-json\/wp\/v2\/categories?post=9684"},{"taxonomy":"post_tag","embeddable":true,"href":"https:\/\/www.micole.net\/blog\/wp-json\/wp\/v2\/tags?post=9684"}],"curies":[{"name":"wp","href":"https:\/\/api.w.org\/{rel}","templated":true}]}}