{"id":9664,"date":"2026-04-28T15:22:19","date_gmt":"2026-04-28T13:22:19","guid":{"rendered":"https:\/\/www.micole.net\/blog\/estudios-informes\/colegios-con-enfoque-artistico-y-musical-en-chile-2026\/"},"modified":"2026-04-28T15:22:19","modified_gmt":"2026-04-28T13:22:19","slug":"colegios-con-enfoque-artistico-y-musical-en-chile-2026","status":"publish","type":"post","link":"https:\/\/www.micole.net\/blog\/elegir-colegio\/colegios-con-enfoque-artistico-y-musical-en-chile-2026\/","title":{"rendered":"Colegios con enfoque art\u00edstico y musical en Chile 2026"},"content":{"rendered":"<p>La educaci\u00f3n art\u00edstica ha cobrado relevancia como parte integral del desarrollo de los ni\u00f1os. En Chile, hay una creciente oferta de colegios privados que integran las artes y la m\u00fasica como eje transversal de su proyecto educativo, sin descuidar el rigor acad\u00e9mico. Esta gu\u00eda te presenta las opciones y lo que debes buscar.<\/p>\n<h2>\u00bfPor qu\u00e9 importa la educaci\u00f3n art\u00edstica?<\/h2>\n<p>La neurociencia educativa respalda lo que los pedagogos de Maria Montessori a Rudolf Steiner defendieron hace un siglo: las artes desarrollan habilidades cognitivas que el curr\u00edculo convencional no trabaja de la misma manera. La m\u00fasica mejora la memoria y la concentraci\u00f3n. El teatro desarrolla la empat\u00eda y la comunicaci\u00f3n. Las artes visuales estimulan el pensamiento creativo y espacial.<\/p>\n<p>En un mundo cada vez m\u00e1s automatizado, las competencias creativas y expresivas que forjan las artes se convierten en diferenciadores importantes. Por eso, los colegios que integran las artes de forma seria \u2014no solo como actividad extraescolar\u2014 est\u00e1n respondiendo a una demanda real de las familias.<\/p>\n<h2>Modelos de integraci\u00f3n art\u00edstica en colegios chilenos<\/h2>\n<ul>\n<li><strong>Waldorf:<\/strong> Filosof\u00eda educativa donde las artes son la columna vertebral del aprendizaje. Hay varios colegios Waldorf en Santiago, Valpara\u00edso y otras regiones.<\/li>\n<li><strong>Art\u00edstico como especialidad:<\/strong> Colegios con liceos de arte o \u00e9nfasis art\u00edstico reconocido por el MINEDUC.<\/li>\n<li><strong>Artes integradas al curr\u00edculo:<\/strong> Centros que distribuyen horas de m\u00fasica, teatro, danza o artes visuales a lo largo de todos los niveles educativos.<\/li>\n<\/ul>\n<h2>Colegios con proyectos art\u00edsticos destacados en Chile<\/h2>\n<p>Santiago concentra la mayor parte de los colegios con proyectos art\u00edsticos privados de referencia, pero ciudades como Valpara\u00edso, Vi\u00f1a del Mar y Concepci\u00f3n tambi\u00e9n tienen centros con larga trayectoria en educaci\u00f3n art\u00edstica. Para las familias de Santiago, conocer <a href=\"https:\/\/www.micole.net\/blog\/elegir-colegio\/como-elegir-colegio-en-santiago-guia-practica-2026\/\">c\u00f3mo elegir colegio en Santiago<\/a> es el primer paso para filtrar por este criterio.<\/p>\n<h2>Qu\u00e9 preguntar en un colegio art\u00edstico<\/h2>\n<ul>\n<li>\u00bfCu\u00e1ntas horas semanales de m\u00fasica, teatro y artes visuales tiene cada curso?<\/li>\n<li>\u00bfTienen presentaciones p\u00fablicas o exposiciones de fin de a\u00f1o?<\/li>\n<li>\u00bfLos docentes de artes tienen formaci\u00f3n espec\u00edfica o son generalistas?<\/li>\n<li>\u00bfEl proyecto art\u00edstico est\u00e1 integrado con otras asignaturas o es compartimentado?<\/li>\n<\/ul>\n","protected":false},"excerpt":{"rendered":"<p>La educaci\u00f3n art\u00edstica ha cobrado relevancia como parte integral del desarrollo de los ni\u00f1os. En Chile, hay una creciente oferta de colegios privados que integran las artes y la m\u00fasica como eje transversal de su proyecto educativo, sin descuidar el rigor acad\u00e9mico. Esta gu\u00eda te presenta las opciones y lo que debes buscar. \u00bfPor qu\u00e9 &hellip;<\/p>\n<p class=\"read-more\"> <a class=\"\" href=\"https:\/\/www.micole.net\/blog\/elegir-colegio\/colegios-con-enfoque-artistico-y-musical-en-chile-2026\/\"> <span class=\"screen-reader-text\">Colegios con enfoque art\u00edstico y musical en Chile 2026<\/span> Leer m\u00e1s &raquo;<\/a><\/p>\n","protected":false},"author":1,"featured_media":9663,"comment_status":"open","ping_status":"open","sticky":false,"template":"","format":"standard","meta":{"content-type":"","sfsi_plus_gutenberg_text_before_share":"","sfsi_plus_gutenberg_show_text_before_share":"","sfsi_plus_gutenberg_icon_type":"","sfsi_plus_gutenberg_icon_alignemt":"","sfsi_plus_gutenburg_max_per_row":"","site-sidebar-layout":"default","site-content-layout":"","ast-site-content-layout":"","site-content-style":"default","site-sidebar-style":"default","ast-global-header-display":"","ast-banner-title-visibility":"","ast-main-header-display":"","ast-hfb-above-header-display":"","ast-hfb-below-header-display":"","ast-hfb-mobile-header-display":"","site-post-title":"","ast-breadcrumbs-content":"","ast-featured-img":"","footer-sml-layout":"","theme-transparent-header-meta":"","adv-header-id-meta":"","stick-header-meta":"","header-above-stick-meta":"","header-main-stick-meta":"","header-below-stick-meta":"","astra-migrate-meta-layouts":"","footnotes":""},"categories":[8],"tags":[],"class_list":["post-9664","post","type-post","status-publish","format-standard","has-post-thumbnail","hentry","category-elegir-colegio"],"yoast_head":"<!-- This site is optimized with the Yoast SEO plugin v26.9 - https:\/\/yoast.com\/product\/yoast-seo-wordpress\/ -->\n<title>Colegios con enfoque art\u00edstico y musical en Chile 2026 - Blog Micole<\/title>\n<meta name=\"robots\" content=\"index, follow, max-snippet:-1, max-image-preview:large, max-video-preview:-1\" \/>\n<link rel=\"canonical\" href=\"https:\/\/www.micole.net\/blog\/estudios-informes\/colegios-con-enfoque-artistico-y-musical-en-chile-2026\/\" \/>\n<meta property=\"og:locale\" content=\"es_ES\" \/>\n<meta property=\"og:type\" content=\"article\" \/>\n<meta property=\"og:title\" content=\"Colegios con enfoque art\u00edstico y musical en Chile 2026 - Blog Micole\" \/>\n<meta property=\"og:description\" content=\"La educaci\u00f3n art\u00edstica ha cobrado relevancia como parte integral del desarrollo de los ni\u00f1os. En Chile, hay una creciente oferta de colegios privados que integran las artes y la m\u00fasica como eje transversal de su proyecto educativo, sin descuidar el rigor acad\u00e9mico. Esta gu\u00eda te presenta las opciones y lo que debes buscar. \u00bfPor qu\u00e9 &hellip; Colegios con enfoque art\u00edstico y musical en Chile 2026 Leer m\u00e1s &raquo;\" \/>\n<meta property=\"og:url\" content=\"https:\/\/www.micole.net\/blog\/estudios-informes\/colegios-con-enfoque-artistico-y-musical-en-chile-2026\/\" \/>\n<meta property=\"og:site_name\" content=\"Blog Micole\" \/>\n<meta property=\"article:publisher\" content=\"https:\/\/www.facebook.com\/micoleoficial\/\" \/>\n<meta property=\"article:published_time\" content=\"2026-04-28T13:22:19+00:00\" \/>\n<meta name=\"author\" content=\"El equipo de Micole\" \/>\n<meta name=\"twitter:card\" content=\"summary_large_image\" \/>\n<meta name=\"twitter:label1\" content=\"Escrito por\" \/>\n\t<meta name=\"twitter:data1\" content=\"El equipo de Micole\" \/>\n\t<meta name=\"twitter:label2\" content=\"Tiempo de lectura\" \/>\n\t<meta name=\"twitter:data2\" content=\"2 minutos\" \/>\n<script type=\"application\/ld+json\" class=\"yoast-schema-graph\">{\"@context\":\"https:\/\/schema.org\",\"@graph\":[{\"@type\":\"Article\",\"@id\":\"https:\/\/www.micole.net\/blog\/estudios-informes\/colegios-con-enfoque-artistico-y-musical-en-chile-2026\/#article\",\"isPartOf\":{\"@id\":\"https:\/\/www.micole.net\/blog\/estudios-informes\/colegios-con-enfoque-artistico-y-musical-en-chile-2026\/\"},\"author\":{\"name\":\"El equipo de Micole\",\"@id\":\"https:\/\/www.micole.net\/blog\/#\/schema\/person\/861e4d9a8ce4499d9c106c2ac39f8951\"},\"headline\":\"Colegios con enfoque art\u00edstico y musical en Chile 2026\",\"datePublished\":\"2026-04-28T13:22:19+00:00\",\"mainEntityOfPage\":{\"@id\":\"https:\/\/www.micole.net\/blog\/estudios-informes\/colegios-con-enfoque-artistico-y-musical-en-chile-2026\/\"},\"wordCount\":386,\"commentCount\":0,\"publisher\":{\"@id\":\"https:\/\/www.micole.net\/blog\/#organization\"},\"image\":{\"@id\":\"https:\/\/www.micole.net\/blog\/estudios-informes\/colegios-con-enfoque-artistico-y-musical-en-chile-2026\/#primaryimage\"},\"thumbnailUrl\":\"https:\/\/www.micole.net\/blog\/wp-content\/uploads\/2026\/04\/colegios-artisticos-musicales-chile-2026.jpg\",\"articleSection\":[\"Elegir colegio\"],\"inLanguage\":\"es\",\"potentialAction\":[{\"@type\":\"CommentAction\",\"name\":\"Comment\",\"target\":[\"https:\/\/www.micole.net\/blog\/estudios-informes\/colegios-con-enfoque-artistico-y-musical-en-chile-2026\/#respond\"]}]},{\"@type\":\"WebPage\",\"@id\":\"https:\/\/www.micole.net\/blog\/estudios-informes\/colegios-con-enfoque-artistico-y-musical-en-chile-2026\/\",\"url\":\"https:\/\/www.micole.net\/blog\/estudios-informes\/colegios-con-enfoque-artistico-y-musical-en-chile-2026\/\",\"name\":\"Colegios con enfoque art\u00edstico y musical en Chile 2026 - Blog Micole\",\"isPartOf\":{\"@id\":\"https:\/\/www.micole.net\/blog\/#website\"},\"primaryImageOfPage\":{\"@id\":\"https:\/\/www.micole.net\/blog\/estudios-informes\/colegios-con-enfoque-artistico-y-musical-en-chile-2026\/#primaryimage\"},\"image\":{\"@id\":\"https:\/\/www.micole.net\/blog\/estudios-informes\/colegios-con-enfoque-artistico-y-musical-en-chile-2026\/#primaryimage\"},\"thumbnailUrl\":\"https:\/\/www.micole.net\/blog\/wp-content\/uploads\/2026\/04\/colegios-artisticos-musicales-chile-2026.jpg\",\"datePublished\":\"2026-04-28T13:22:19+00:00\",\"breadcrumb\":{\"@id\":\"https:\/\/www.micole.net\/blog\/estudios-informes\/colegios-con-enfoque-artistico-y-musical-en-chile-2026\/#breadcrumb\"},\"inLanguage\":\"es\",\"potentialAction\":[{\"@type\":\"ReadAction\",\"target\":[\"https:\/\/www.micole.net\/blog\/estudios-informes\/colegios-con-enfoque-artistico-y-musical-en-chile-2026\/\"]}]},{\"@type\":\"ImageObject\",\"inLanguage\":\"es\",\"@id\":\"https:\/\/www.micole.net\/blog\/estudios-informes\/colegios-con-enfoque-artistico-y-musical-en-chile-2026\/#primaryimage\",\"url\":\"https:\/\/www.micole.net\/blog\/wp-content\/uploads\/2026\/04\/colegios-artisticos-musicales-chile-2026.jpg\",\"contentUrl\":\"https:\/\/www.micole.net\/blog\/wp-content\/uploads\/2026\/04\/colegios-artisticos-musicales-chile-2026.jpg\",\"width\":1200,\"height\":800,\"caption\":\"Colegios art\u00edsticos musicales Chile 2026\"},{\"@type\":\"BreadcrumbList\",\"@id\":\"https:\/\/www.micole.net\/blog\/estudios-informes\/colegios-con-enfoque-artistico-y-musical-en-chile-2026\/#breadcrumb\",\"itemListElement\":[{\"@type\":\"ListItem\",\"position\":1,\"name\":\"Portada\",\"item\":\"https:\/\/www.micole.net\/blog\/\"},{\"@type\":\"ListItem\",\"position\":2,\"name\":\"Colegios con enfoque art\u00edstico y musical en Chile 2026\"}]},{\"@type\":\"WebSite\",\"@id\":\"https:\/\/www.micole.net\/blog\/#website\",\"url\":\"https:\/\/www.micole.net\/blog\/\",\"name\":\"Blog Micole\",\"description\":\"En el Blog de Micole encontrar\u00e1s contenido y recursos relacionados con la educaci\u00f3n y la crianza de los hijos\",\"publisher\":{\"@id\":\"https:\/\/www.micole.net\/blog\/#organization\"},\"potentialAction\":[{\"@type\":\"SearchAction\",\"target\":{\"@type\":\"EntryPoint\",\"urlTemplate\":\"https:\/\/www.micole.net\/blog\/?s={search_term_string}\"},\"query-input\":{\"@type\":\"PropertyValueSpecification\",\"valueRequired\":true,\"valueName\":\"search_term_string\"}}],\"inLanguage\":\"es\"},{\"@type\":\"Organization\",\"@id\":\"https:\/\/www.micole.net\/blog\/#organization\",\"name\":\"Micole\",\"url\":\"https:\/\/www.micole.net\/blog\/\",\"logo\":{\"@type\":\"ImageObject\",\"inLanguage\":\"es\",\"@id\":\"https:\/\/www.micole.net\/blog\/#\/schema\/logo\/image\/\",\"url\":\"https:\/\/www.micole.net\/blog\/wp-content\/uploads\/2019\/12\/logo.png\",\"contentUrl\":\"https:\/\/www.micole.net\/blog\/wp-content\/uploads\/2019\/12\/logo.png\",\"width\":1200,\"height\":1200,\"caption\":\"Micole\"},\"image\":{\"@id\":\"https:\/\/www.micole.net\/blog\/#\/schema\/logo\/image\/\"},\"sameAs\":[\"https:\/\/www.facebook.com\/micoleoficial\/\",\"https:\/\/www.instagram.com\/micoleoficial\/\"]},{\"@type\":\"Person\",\"@id\":\"https:\/\/www.micole.net\/blog\/#\/schema\/person\/861e4d9a8ce4499d9c106c2ac39f8951\",\"name\":\"El equipo de Micole\",\"image\":{\"@type\":\"ImageObject\",\"inLanguage\":\"es\",\"@id\":\"https:\/\/www.micole.net\/blog\/#\/schema\/person\/image\/\",\"url\":\"https:\/\/secure.gravatar.com\/avatar\/1cd164d7ed5bce011a362aac715fce0d7731ec230263bea587c3176ae3cf4290?s=96&d=mm&r=g\",\"contentUrl\":\"https:\/\/secure.gravatar.com\/avatar\/1cd164d7ed5bce011a362aac715fce0d7731ec230263bea587c3176ae3cf4290?s=96&d=mm&r=g\",\"caption\":\"El equipo de Micole\"}}]}<\/script>\n<!-- \/ Yoast SEO plugin. -->","yoast_head_json":{"title":"Colegios con enfoque art\u00edstico y musical en Chile 2026 - Blog Micole","robots":{"index":"index","follow":"follow","max-snippet":"max-snippet:-1","max-image-preview":"max-image-preview:large","max-video-preview":"max-video-preview:-1"},"canonical":"https:\/\/www.micole.net\/blog\/estudios-informes\/colegios-con-enfoque-artistico-y-musical-en-chile-2026\/","og_locale":"es_ES","og_type":"article","og_title":"Colegios con enfoque art\u00edstico y musical en Chile 2026 - Blog Micole","og_description":"La educaci\u00f3n art\u00edstica ha cobrado relevancia como parte integral del desarrollo de los ni\u00f1os. En Chile, hay una creciente oferta de colegios privados que integran las artes y la m\u00fasica como eje transversal de su proyecto educativo, sin descuidar el rigor acad\u00e9mico. Esta gu\u00eda te presenta las opciones y lo que debes buscar. \u00bfPor qu\u00e9 &hellip; Colegios con enfoque art\u00edstico y musical en Chile 2026 Leer m\u00e1s &raquo;","og_url":"https:\/\/www.micole.net\/blog\/estudios-informes\/colegios-con-enfoque-artistico-y-musical-en-chile-2026\/","og_site_name":"Blog Micole","article_publisher":"https:\/\/www.facebook.com\/micoleoficial\/","article_published_time":"2026-04-28T13:22:19+00:00","author":"El equipo de Micole","twitter_card":"summary_large_image","twitter_misc":{"Escrito por":"El equipo de Micole","Tiempo de lectura":"2 minutos"},"schema":{"@context":"https:\/\/schema.org","@graph":[{"@type":"Article","@id":"https:\/\/www.micole.net\/blog\/estudios-informes\/colegios-con-enfoque-artistico-y-musical-en-chile-2026\/#article","isPartOf":{"@id":"https:\/\/www.micole.net\/blog\/estudios-informes\/colegios-con-enfoque-artistico-y-musical-en-chile-2026\/"},"author":{"name":"El equipo de Micole","@id":"https:\/\/www.micole.net\/blog\/#\/schema\/person\/861e4d9a8ce4499d9c106c2ac39f8951"},"headline":"Colegios con enfoque art\u00edstico y musical en Chile 2026","datePublished":"2026-04-28T13:22:19+00:00","mainEntityOfPage":{"@id":"https:\/\/www.micole.net\/blog\/estudios-informes\/colegios-con-enfoque-artistico-y-musical-en-chile-2026\/"},"wordCount":386,"commentCount":0,"publisher":{"@id":"https:\/\/www.micole.net\/blog\/#organization"},"image":{"@id":"https:\/\/www.micole.net\/blog\/estudios-informes\/colegios-con-enfoque-artistico-y-musical-en-chile-2026\/#primaryimage"},"thumbnailUrl":"https:\/\/www.micole.net\/blog\/wp-content\/uploads\/2026\/04\/colegios-artisticos-musicales-chile-2026.jpg","articleSection":["Elegir colegio"],"inLanguage":"es","potentialAction":[{"@type":"CommentAction","name":"Comment","target":["https:\/\/www.micole.net\/blog\/estudios-informes\/colegios-con-enfoque-artistico-y-musical-en-chile-2026\/#respond"]}]},{"@type":"WebPage","@id":"https:\/\/www.micole.net\/blog\/estudios-informes\/colegios-con-enfoque-artistico-y-musical-en-chile-2026\/","url":"https:\/\/www.micole.net\/blog\/estudios-informes\/colegios-con-enfoque-artistico-y-musical-en-chile-2026\/","name":"Colegios con enfoque art\u00edstico y musical en Chile 2026 - Blog Micole","isPartOf":{"@id":"https:\/\/www.micole.net\/blog\/#website"},"primaryImageOfPage":{"@id":"https:\/\/www.micole.net\/blog\/estudios-informes\/colegios-con-enfoque-artistico-y-musical-en-chile-2026\/#primaryimage"},"image":{"@id":"https:\/\/www.micole.net\/blog\/estudios-informes\/colegios-con-enfoque-artistico-y-musical-en-chile-2026\/#primaryimage"},"thumbnailUrl":"https:\/\/www.micole.net\/blog\/wp-content\/uploads\/2026\/04\/colegios-artisticos-musicales-chile-2026.jpg","datePublished":"2026-04-28T13:22:19+00:00","breadcrumb":{"@id":"https:\/\/www.micole.net\/blog\/estudios-informes\/colegios-con-enfoque-artistico-y-musical-en-chile-2026\/#breadcrumb"},"inLanguage":"es","potentialAction":[{"@type":"ReadAction","target":["https:\/\/www.micole.net\/blog\/estudios-informes\/colegios-con-enfoque-artistico-y-musical-en-chile-2026\/"]}]},{"@type":"ImageObject","inLanguage":"es","@id":"https:\/\/www.micole.net\/blog\/estudios-informes\/colegios-con-enfoque-artistico-y-musical-en-chile-2026\/#primaryimage","url":"https:\/\/www.micole.net\/blog\/wp-content\/uploads\/2026\/04\/colegios-artisticos-musicales-chile-2026.jpg","contentUrl":"https:\/\/www.micole.net\/blog\/wp-content\/uploads\/2026\/04\/colegios-artisticos-musicales-chile-2026.jpg","width":1200,"height":800,"caption":"Colegios art\u00edsticos musicales Chile 2026"},{"@type":"BreadcrumbList","@id":"https:\/\/www.micole.net\/blog\/estudios-informes\/colegios-con-enfoque-artistico-y-musical-en-chile-2026\/#breadcrumb","itemListElement":[{"@type":"ListItem","position":1,"name":"Portada","item":"https:\/\/www.micole.net\/blog\/"},{"@type":"ListItem","position":2,"name":"Colegios con enfoque art\u00edstico y musical en Chile 2026"}]},{"@type":"WebSite","@id":"https:\/\/www.micole.net\/blog\/#website","url":"https:\/\/www.micole.net\/blog\/","name":"Blog Micole","description":"En el Blog de Micole encontrar\u00e1s contenido y recursos relacionados con la educaci\u00f3n y la crianza de los hijos","publisher":{"@id":"https:\/\/www.micole.net\/blog\/#organization"},"potentialAction":[{"@type":"SearchAction","target":{"@type":"EntryPoint","urlTemplate":"https:\/\/www.micole.net\/blog\/?s={search_term_string}"},"query-input":{"@type":"PropertyValueSpecification","valueRequired":true,"valueName":"search_term_string"}}],"inLanguage":"es"},{"@type":"Organization","@id":"https:\/\/www.micole.net\/blog\/#organization","name":"Micole","url":"https:\/\/www.micole.net\/blog\/","logo":{"@type":"ImageObject","inLanguage":"es","@id":"https:\/\/www.micole.net\/blog\/#\/schema\/logo\/image\/","url":"https:\/\/www.micole.net\/blog\/wp-content\/uploads\/2019\/12\/logo.png","contentUrl":"https:\/\/www.micole.net\/blog\/wp-content\/uploads\/2019\/12\/logo.png","width":1200,"height":1200,"caption":"Micole"},"image":{"@id":"https:\/\/www.micole.net\/blog\/#\/schema\/logo\/image\/"},"sameAs":["https:\/\/www.facebook.com\/micoleoficial\/","https:\/\/www.instagram.com\/micoleoficial\/"]},{"@type":"Person","@id":"https:\/\/www.micole.net\/blog\/#\/schema\/person\/861e4d9a8ce4499d9c106c2ac39f8951","name":"El equipo de Micole","image":{"@type":"ImageObject","inLanguage":"es","@id":"https:\/\/www.micole.net\/blog\/#\/schema\/person\/image\/","url":"https:\/\/secure.gravatar.com\/avatar\/1cd164d7ed5bce011a362aac715fce0d7731ec230263bea587c3176ae3cf4290?s=96&d=mm&r=g","contentUrl":"https:\/\/secure.gravatar.com\/avatar\/1cd164d7ed5bce011a362aac715fce0d7731ec230263bea587c3176ae3cf4290?s=96&d=mm&r=g","caption":"El equipo de Micole"}}]}},"_links":{"self":[{"href":"https:\/\/www.micole.net\/blog\/wp-json\/wp\/v2\/posts\/9664","targetHints":{"allow":["GET"]}}],"collection":[{"href":"https:\/\/www.micole.net\/blog\/wp-json\/wp\/v2\/posts"}],"about":[{"href":"https:\/\/www.micole.net\/blog\/wp-json\/wp\/v2\/types\/post"}],"author":[{"embeddable":true,"href":"https:\/\/www.micole.net\/blog\/wp-json\/wp\/v2\/users\/1"}],"replies":[{"embeddable":true,"href":"https:\/\/www.micole.net\/blog\/wp-json\/wp\/v2\/comments?post=9664"}],"version-history":[{"count":0,"href":"https:\/\/www.micole.net\/blog\/wp-json\/wp\/v2\/posts\/9664\/revisions"}],"wp:featuredmedia":[{"embeddable":true,"href":"https:\/\/www.micole.net\/blog\/wp-json\/wp\/v2\/media\/9663"}],"wp:attachment":[{"href":"https:\/\/www.micole.net\/blog\/wp-json\/wp\/v2\/media?parent=9664"}],"wp:term":[{"taxonomy":"category","embeddable":true,"href":"https:\/\/www.micole.net\/blog\/wp-json\/wp\/v2\/categories?post=9664"},{"taxonomy":"post_tag","embeddable":true,"href":"https:\/\/www.micole.net\/blog\/wp-json\/wp\/v2\/tags?post=9664"}],"curies":[{"name":"wp","href":"https:\/\/api.w.org\/{rel}","templated":true}]}}