{"id":82,"date":"2019-12-22T11:03:44","date_gmt":"2019-12-22T10:03:44","guid":{"rendered":"http:\/\/www.micole.net\/blog\/?page_id=82"},"modified":"2022-08-07T11:46:24","modified_gmt":"2022-08-07T09:46:24","slug":"elegir-colegio-hijos","status":"publish","type":"post","link":"https:\/\/www.micole.net\/blog\/elegir-colegio\/elegir-colegio-hijos\/","title":{"rendered":"\u00bfA qu\u00e9 colegio debo llevar a mis hijos?"},"content":{"rendered":"\n<p>Si has llegado aqu\u00ed es porque te est\u00e1s preguntando eso mismo: \u00ab\u00bfa qu\u00e9 colegio debo llevar a mis hijos?\u00bb<\/p>\n\n\n\n<p>No te preocupes, muchos otros padres han pasado por esa misma tarea y nosotros la conocemos bien.<\/p>\n\n\n\n<p>Por eso, a parte de darte distintas claves en forma de art\u00edculos en <a href=\"https:\/\/www.micole.net\/blog\">este blog<\/a>, en Micole te ofrecemos un test, <strong>totalmente gratuito<\/strong>, para que descubras aquellos centros m\u00e1s afines a la forma en la que quieres educar a tus hijos.<\/p>\n\n\n\n<p>Tan solo visita nuestra p\u00e1gina y responde unas sencillas preguntas<\/p>\n\n\n\n<div class=\"wp-block-button aligncenter\"><a class=\"wp-block-button__link\" href=\"https:\/\/www.micole.net\/?utm_medium=directo\" target=\"_blank\" rel=\"noreferrer noopener\">Hacer test Micole<\/a><\/div>\n\n\n\n<p>Tambi\u00e9n ponemos a tu disposici\u00f3n nuestro buscador de colegios y nuestros famosos rankings de centros, calculados en tiempo real en base al inter\u00e9s de los m\u00e1s de 2.5 millones de familias que nos visitan cada a\u00f1o<\/p>\n\n\n\n<div class=\"wp-block-buttons is-layout-flex wp-block-buttons-is-layout-flex\">\n<div class=\"wp-block-button aligncenter\"><a class=\"wp-block-button__link\" href=\"https:\/\/www.micole.net\/panel\/busqueda-avanzada\" target=\"_blank\" rel=\"noreferrer noopener\">Ir al buscador de colegios<\/a><\/div>\n\n\n\n<div class=\"wp-block-button aligncenter\"><a class=\"wp-block-button__link\" href=\"https:\/\/www.micole.net\/rankings\" target=\"_blank\" rel=\"noreferrer noopener\">Ver los rankings de Micole<\/a><\/div>\n<\/div>\n\n\n\n<h3 class=\"wp-block-heading\">\u00bfNecesitas m\u00e1s ayuda para buscar colegio?<\/h3>\n\n\n\n<p>Hemos lanzado una serie de productos y servicios para que te sientas acompa\u00f1ado en todo momento.<\/p>\n\n\n\n<div class=\"wp-block-buttons is-content-justification-center is-layout-flex wp-block-buttons-is-layout-flex\">\n<div class=\"wp-block-button\"><a class=\"wp-block-button__link\" href=\"https:\/\/www.micole.net\/blog\/ayuda-buscar-colegio\/\" target=\"_blank\" rel=\"noreferrer noopener\">Ver la ayuda para buscar colegio<\/a><\/div>\n<\/div>\n\n\n\n<p>Te damos las gracias por adelantado y te animamos a comentar tu experiencia ya que tenemos en cuenta todas vuestras opiniones.<\/p>\n","protected":false},"excerpt":{"rendered":"<p>Si has llegado aqu\u00ed es porque te est\u00e1s preguntando eso mismo: \u00ab\u00bfa qu\u00e9 colegio debo llevar a mis hijos?\u00bb No te preocupes, muchos otros padres han pasado por esa misma tarea y nosotros la conocemos bien. Por eso, a parte de darte distintas claves en forma de art\u00edculos en este blog, en Micole te ofrecemos &hellip;<\/p>\n<p class=\"read-more\"> <a class=\"\" href=\"https:\/\/www.micole.net\/blog\/elegir-colegio\/elegir-colegio-hijos\/\"> <span class=\"screen-reader-text\">\u00bfA qu\u00e9 colegio debo llevar a mis hijos?<\/span> Leer m\u00e1s &raquo;<\/a><\/p>\n","protected":false},"author":1,"featured_media":185,"comment_status":"open","ping_status":"closed","sticky":false,"template":"","format":"standard","meta":{"content-type":"","sfsi_plus_gutenberg_text_before_share":"","sfsi_plus_gutenberg_show_text_before_share":"","sfsi_plus_gutenberg_icon_type":"","sfsi_plus_gutenberg_icon_alignemt":"","sfsi_plus_gutenburg_max_per_row":"","site-sidebar-layout":"default","site-content-layout":"","ast-site-content-layout":"","site-content-style":"default","site-sidebar-style":"default","ast-global-header-display":"","ast-banner-title-visibility":"","ast-main-header-display":"","ast-hfb-above-header-display":"","ast-hfb-below-header-display":"","ast-hfb-mobile-header-display":"","site-post-title":"","ast-breadcrumbs-content":"","ast-featured-img":"","footer-sml-layout":"","theme-transparent-header-meta":"","adv-header-id-meta":"","stick-header-meta":"","header-above-stick-meta":"","header-main-stick-meta":"","header-below-stick-meta":"","astra-migrate-meta-layouts":"","footnotes":""},"categories":[8],"tags":[],"class_list":["post-82","post","type-post","status-publish","format-standard","has-post-thumbnail","hentry","category-elegir-colegio"],"yoast_head":"<!-- This site is optimized with the Yoast SEO plugin v26.9 - https:\/\/yoast.com\/product\/yoast-seo-wordpress\/ -->\n<title>\u00bfA qu\u00e9 colegio debo llevar a mis hijos? - \u00a1Haz ya el test de micole!<\/title>\n<meta name=\"description\" content=\"Si te est\u00e1s preguntando \ud83e\udd37\u200d\u2640\ufe0f \ud83e\udd37\u200d\u2642\ufe0f \u00bfA qu\u00e9 colegio debo llevar a mis hijos? est\u00e1s de suerte \ud83d\udcaa. \u00a1Descubre con nuestro test el futuro colegio de tus hijos!\" \/>\n<meta name=\"robots\" content=\"index, follow, max-snippet:-1, max-image-preview:large, max-video-preview:-1\" \/>\n<link rel=\"canonical\" href=\"https:\/\/www.micole.net\/blog\/elegir-colegio\/elegir-colegio-hijos\/\" \/>\n<meta property=\"og:locale\" content=\"es_ES\" \/>\n<meta property=\"og:type\" content=\"article\" \/>\n<meta property=\"og:title\" content=\"\u00bfA qu\u00e9 colegio debo llevar a mis hijos? - \u00a1Haz ya el test de micole!\" \/>\n<meta property=\"og:description\" content=\"Si te est\u00e1s preguntando \ud83e\udd37\u200d\u2640\ufe0f \ud83e\udd37\u200d\u2642\ufe0f \u00bfA qu\u00e9 colegio debo llevar a mis hijos? est\u00e1s de suerte \ud83d\udcaa. \u00a1Descubre con nuestro test el futuro colegio de tus hijos!\" \/>\n<meta property=\"og:url\" content=\"https:\/\/www.micole.net\/blog\/elegir-colegio\/elegir-colegio-hijos\/\" \/>\n<meta property=\"og:site_name\" content=\"Blog Micole\" \/>\n<meta property=\"article:publisher\" content=\"https:\/\/www.facebook.com\/micoleoficial\/\" \/>\n<meta property=\"article:published_time\" content=\"2019-12-22T10:03:44+00:00\" \/>\n<meta property=\"article:modified_time\" content=\"2022-08-07T09:46:24+00:00\" \/>\n<meta property=\"og:image\" content=\"https:\/\/www.micole.net\/blog\/wp-content\/uploads\/2019\/12\/school-times-3599175_1920.jpg\" \/>\n\t<meta property=\"og:image:width\" content=\"1920\" \/>\n\t<meta property=\"og:image:height\" content=\"1276\" \/>\n\t<meta property=\"og:image:type\" content=\"image\/jpeg\" \/>\n<meta name=\"author\" content=\"El equipo de Micole\" \/>\n<meta name=\"twitter:card\" content=\"summary_large_image\" \/>\n<meta name=\"twitter:label1\" content=\"Escrito por\" \/>\n\t<meta name=\"twitter:data1\" content=\"El equipo de Micole\" \/>\n\t<meta name=\"twitter:label2\" content=\"Tiempo de lectura\" \/>\n\t<meta name=\"twitter:data2\" content=\"1 minuto\" \/>\n<script type=\"application\/ld+json\" class=\"yoast-schema-graph\">{\"@context\":\"https:\/\/schema.org\",\"@graph\":[{\"@type\":\"Article\",\"@id\":\"https:\/\/www.micole.net\/blog\/elegir-colegio\/elegir-colegio-hijos\/#article\",\"isPartOf\":{\"@id\":\"https:\/\/www.micole.net\/blog\/elegir-colegio\/elegir-colegio-hijos\/\"},\"author\":{\"name\":\"El equipo de Micole\",\"@id\":\"https:\/\/www.micole.net\/blog\/#\/schema\/person\/861e4d9a8ce4499d9c106c2ac39f8951\"},\"headline\":\"\u00bfA qu\u00e9 colegio debo llevar a mis hijos?\",\"datePublished\":\"2019-12-22T10:03:44+00:00\",\"dateModified\":\"2022-08-07T09:46:24+00:00\",\"mainEntityOfPage\":{\"@id\":\"https:\/\/www.micole.net\/blog\/elegir-colegio\/elegir-colegio-hijos\/\"},\"wordCount\":203,\"commentCount\":3,\"publisher\":{\"@id\":\"https:\/\/www.micole.net\/blog\/#organization\"},\"image\":{\"@id\":\"https:\/\/www.micole.net\/blog\/elegir-colegio\/elegir-colegio-hijos\/#primaryimage\"},\"thumbnailUrl\":\"https:\/\/www.micole.net\/blog\/wp-content\/uploads\/2019\/12\/school-times-3599175_1920.jpg\",\"articleSection\":[\"Elegir colegio\"],\"inLanguage\":\"es\",\"potentialAction\":[{\"@type\":\"CommentAction\",\"name\":\"Comment\",\"target\":[\"https:\/\/www.micole.net\/blog\/elegir-colegio\/elegir-colegio-hijos\/#respond\"]}]},{\"@type\":\"WebPage\",\"@id\":\"https:\/\/www.micole.net\/blog\/elegir-colegio\/elegir-colegio-hijos\/\",\"url\":\"https:\/\/www.micole.net\/blog\/elegir-colegio\/elegir-colegio-hijos\/\",\"name\":\"\u00bfA qu\u00e9 colegio debo llevar a mis hijos? - \u00a1Haz ya el test de micole!\",\"isPartOf\":{\"@id\":\"https:\/\/www.micole.net\/blog\/#website\"},\"primaryImageOfPage\":{\"@id\":\"https:\/\/www.micole.net\/blog\/elegir-colegio\/elegir-colegio-hijos\/#primaryimage\"},\"image\":{\"@id\":\"https:\/\/www.micole.net\/blog\/elegir-colegio\/elegir-colegio-hijos\/#primaryimage\"},\"thumbnailUrl\":\"https:\/\/www.micole.net\/blog\/wp-content\/uploads\/2019\/12\/school-times-3599175_1920.jpg\",\"datePublished\":\"2019-12-22T10:03:44+00:00\",\"dateModified\":\"2022-08-07T09:46:24+00:00\",\"description\":\"Si te est\u00e1s preguntando \ud83e\udd37\u200d\u2640\ufe0f \ud83e\udd37\u200d\u2642\ufe0f \u00bfA qu\u00e9 colegio debo llevar a mis hijos? est\u00e1s de suerte \ud83d\udcaa. \u00a1Descubre con nuestro test el futuro colegio de tus hijos!\",\"breadcrumb\":{\"@id\":\"https:\/\/www.micole.net\/blog\/elegir-colegio\/elegir-colegio-hijos\/#breadcrumb\"},\"inLanguage\":\"es\",\"potentialAction\":[{\"@type\":\"ReadAction\",\"target\":[\"https:\/\/www.micole.net\/blog\/elegir-colegio\/elegir-colegio-hijos\/\"]}]},{\"@type\":\"ImageObject\",\"inLanguage\":\"es\",\"@id\":\"https:\/\/www.micole.net\/blog\/elegir-colegio\/elegir-colegio-hijos\/#primaryimage\",\"url\":\"https:\/\/www.micole.net\/blog\/wp-content\/uploads\/2019\/12\/school-times-3599175_1920.jpg\",\"contentUrl\":\"https:\/\/www.micole.net\/blog\/wp-content\/uploads\/2019\/12\/school-times-3599175_1920.jpg\",\"width\":1920,\"height\":1276,\"caption\":\"elegir colegio\"},{\"@type\":\"BreadcrumbList\",\"@id\":\"https:\/\/www.micole.net\/blog\/elegir-colegio\/elegir-colegio-hijos\/#breadcrumb\",\"itemListElement\":[{\"@type\":\"ListItem\",\"position\":1,\"name\":\"Portada\",\"item\":\"https:\/\/www.micole.net\/blog\/\"},{\"@type\":\"ListItem\",\"position\":2,\"name\":\"\u00bfA qu\u00e9 colegio debo llevar a mis hijos?\"}]},{\"@type\":\"WebSite\",\"@id\":\"https:\/\/www.micole.net\/blog\/#website\",\"url\":\"https:\/\/www.micole.net\/blog\/\",\"name\":\"Blog Micole\",\"description\":\"En el Blog de Micole encontrar\u00e1s contenido y recursos relacionados con la educaci\u00f3n y la crianza de los hijos\",\"publisher\":{\"@id\":\"https:\/\/www.micole.net\/blog\/#organization\"},\"potentialAction\":[{\"@type\":\"SearchAction\",\"target\":{\"@type\":\"EntryPoint\",\"urlTemplate\":\"https:\/\/www.micole.net\/blog\/?s={search_term_string}\"},\"query-input\":{\"@type\":\"PropertyValueSpecification\",\"valueRequired\":true,\"valueName\":\"search_term_string\"}}],\"inLanguage\":\"es\"},{\"@type\":\"Organization\",\"@id\":\"https:\/\/www.micole.net\/blog\/#organization\",\"name\":\"Micole\",\"url\":\"https:\/\/www.micole.net\/blog\/\",\"logo\":{\"@type\":\"ImageObject\",\"inLanguage\":\"es\",\"@id\":\"https:\/\/www.micole.net\/blog\/#\/schema\/logo\/image\/\",\"url\":\"https:\/\/www.micole.net\/blog\/wp-content\/uploads\/2019\/12\/logo.png\",\"contentUrl\":\"https:\/\/www.micole.net\/blog\/wp-content\/uploads\/2019\/12\/logo.png\",\"width\":1200,\"height\":1200,\"caption\":\"Micole\"},\"image\":{\"@id\":\"https:\/\/www.micole.net\/blog\/#\/schema\/logo\/image\/\"},\"sameAs\":[\"https:\/\/www.facebook.com\/micoleoficial\/\",\"https:\/\/www.instagram.com\/micoleoficial\/\"]},{\"@type\":\"Person\",\"@id\":\"https:\/\/www.micole.net\/blog\/#\/schema\/person\/861e4d9a8ce4499d9c106c2ac39f8951\",\"name\":\"El equipo de Micole\",\"image\":{\"@type\":\"ImageObject\",\"inLanguage\":\"es\",\"@id\":\"https:\/\/www.micole.net\/blog\/#\/schema\/person\/image\/\",\"url\":\"https:\/\/secure.gravatar.com\/avatar\/1cd164d7ed5bce011a362aac715fce0d7731ec230263bea587c3176ae3cf4290?s=96&d=mm&r=g\",\"contentUrl\":\"https:\/\/secure.gravatar.com\/avatar\/1cd164d7ed5bce011a362aac715fce0d7731ec230263bea587c3176ae3cf4290?s=96&d=mm&r=g\",\"caption\":\"El equipo de Micole\"}}]}<\/script>\n<!-- \/ Yoast SEO plugin. -->","yoast_head_json":{"title":"\u00bfA qu\u00e9 colegio debo llevar a mis hijos? - \u00a1Haz ya el test de micole!","description":"Si te est\u00e1s preguntando \ud83e\udd37\u200d\u2640\ufe0f \ud83e\udd37\u200d\u2642\ufe0f \u00bfA qu\u00e9 colegio debo llevar a mis hijos? est\u00e1s de suerte \ud83d\udcaa. \u00a1Descubre con nuestro test el futuro colegio de tus hijos!","robots":{"index":"index","follow":"follow","max-snippet":"max-snippet:-1","max-image-preview":"max-image-preview:large","max-video-preview":"max-video-preview:-1"},"canonical":"https:\/\/www.micole.net\/blog\/elegir-colegio\/elegir-colegio-hijos\/","og_locale":"es_ES","og_type":"article","og_title":"\u00bfA qu\u00e9 colegio debo llevar a mis hijos? - \u00a1Haz ya el test de micole!","og_description":"Si te est\u00e1s preguntando \ud83e\udd37\u200d\u2640\ufe0f \ud83e\udd37\u200d\u2642\ufe0f \u00bfA qu\u00e9 colegio debo llevar a mis hijos? est\u00e1s de suerte \ud83d\udcaa. \u00a1Descubre con nuestro test el futuro colegio de tus hijos!","og_url":"https:\/\/www.micole.net\/blog\/elegir-colegio\/elegir-colegio-hijos\/","og_site_name":"Blog Micole","article_publisher":"https:\/\/www.facebook.com\/micoleoficial\/","article_published_time":"2019-12-22T10:03:44+00:00","article_modified_time":"2022-08-07T09:46:24+00:00","og_image":[{"width":1920,"height":1276,"url":"https:\/\/www.micole.net\/blog\/wp-content\/uploads\/2019\/12\/school-times-3599175_1920.jpg","type":"image\/jpeg"}],"author":"El equipo de Micole","twitter_card":"summary_large_image","twitter_misc":{"Escrito por":"El equipo de Micole","Tiempo de lectura":"1 minuto"},"schema":{"@context":"https:\/\/schema.org","@graph":[{"@type":"Article","@id":"https:\/\/www.micole.net\/blog\/elegir-colegio\/elegir-colegio-hijos\/#article","isPartOf":{"@id":"https:\/\/www.micole.net\/blog\/elegir-colegio\/elegir-colegio-hijos\/"},"author":{"name":"El equipo de Micole","@id":"https:\/\/www.micole.net\/blog\/#\/schema\/person\/861e4d9a8ce4499d9c106c2ac39f8951"},"headline":"\u00bfA qu\u00e9 colegio debo llevar a mis hijos?","datePublished":"2019-12-22T10:03:44+00:00","dateModified":"2022-08-07T09:46:24+00:00","mainEntityOfPage":{"@id":"https:\/\/www.micole.net\/blog\/elegir-colegio\/elegir-colegio-hijos\/"},"wordCount":203,"commentCount":3,"publisher":{"@id":"https:\/\/www.micole.net\/blog\/#organization"},"image":{"@id":"https:\/\/www.micole.net\/blog\/elegir-colegio\/elegir-colegio-hijos\/#primaryimage"},"thumbnailUrl":"https:\/\/www.micole.net\/blog\/wp-content\/uploads\/2019\/12\/school-times-3599175_1920.jpg","articleSection":["Elegir colegio"],"inLanguage":"es","potentialAction":[{"@type":"CommentAction","name":"Comment","target":["https:\/\/www.micole.net\/blog\/elegir-colegio\/elegir-colegio-hijos\/#respond"]}]},{"@type":"WebPage","@id":"https:\/\/www.micole.net\/blog\/elegir-colegio\/elegir-colegio-hijos\/","url":"https:\/\/www.micole.net\/blog\/elegir-colegio\/elegir-colegio-hijos\/","name":"\u00bfA qu\u00e9 colegio debo llevar a mis hijos? - \u00a1Haz ya el test de micole!","isPartOf":{"@id":"https:\/\/www.micole.net\/blog\/#website"},"primaryImageOfPage":{"@id":"https:\/\/www.micole.net\/blog\/elegir-colegio\/elegir-colegio-hijos\/#primaryimage"},"image":{"@id":"https:\/\/www.micole.net\/blog\/elegir-colegio\/elegir-colegio-hijos\/#primaryimage"},"thumbnailUrl":"https:\/\/www.micole.net\/blog\/wp-content\/uploads\/2019\/12\/school-times-3599175_1920.jpg","datePublished":"2019-12-22T10:03:44+00:00","dateModified":"2022-08-07T09:46:24+00:00","description":"Si te est\u00e1s preguntando \ud83e\udd37\u200d\u2640\ufe0f \ud83e\udd37\u200d\u2642\ufe0f \u00bfA qu\u00e9 colegio debo llevar a mis hijos? est\u00e1s de suerte \ud83d\udcaa. \u00a1Descubre con nuestro test el futuro colegio de tus hijos!","breadcrumb":{"@id":"https:\/\/www.micole.net\/blog\/elegir-colegio\/elegir-colegio-hijos\/#breadcrumb"},"inLanguage":"es","potentialAction":[{"@type":"ReadAction","target":["https:\/\/www.micole.net\/blog\/elegir-colegio\/elegir-colegio-hijos\/"]}]},{"@type":"ImageObject","inLanguage":"es","@id":"https:\/\/www.micole.net\/blog\/elegir-colegio\/elegir-colegio-hijos\/#primaryimage","url":"https:\/\/www.micole.net\/blog\/wp-content\/uploads\/2019\/12\/school-times-3599175_1920.jpg","contentUrl":"https:\/\/www.micole.net\/blog\/wp-content\/uploads\/2019\/12\/school-times-3599175_1920.jpg","width":1920,"height":1276,"caption":"elegir colegio"},{"@type":"BreadcrumbList","@id":"https:\/\/www.micole.net\/blog\/elegir-colegio\/elegir-colegio-hijos\/#breadcrumb","itemListElement":[{"@type":"ListItem","position":1,"name":"Portada","item":"https:\/\/www.micole.net\/blog\/"},{"@type":"ListItem","position":2,"name":"\u00bfA qu\u00e9 colegio debo llevar a mis hijos?"}]},{"@type":"WebSite","@id":"https:\/\/www.micole.net\/blog\/#website","url":"https:\/\/www.micole.net\/blog\/","name":"Blog Micole","description":"En el Blog de Micole encontrar\u00e1s contenido y recursos relacionados con la educaci\u00f3n y la crianza de los hijos","publisher":{"@id":"https:\/\/www.micole.net\/blog\/#organization"},"potentialAction":[{"@type":"SearchAction","target":{"@type":"EntryPoint","urlTemplate":"https:\/\/www.micole.net\/blog\/?s={search_term_string}"},"query-input":{"@type":"PropertyValueSpecification","valueRequired":true,"valueName":"search_term_string"}}],"inLanguage":"es"},{"@type":"Organization","@id":"https:\/\/www.micole.net\/blog\/#organization","name":"Micole","url":"https:\/\/www.micole.net\/blog\/","logo":{"@type":"ImageObject","inLanguage":"es","@id":"https:\/\/www.micole.net\/blog\/#\/schema\/logo\/image\/","url":"https:\/\/www.micole.net\/blog\/wp-content\/uploads\/2019\/12\/logo.png","contentUrl":"https:\/\/www.micole.net\/blog\/wp-content\/uploads\/2019\/12\/logo.png","width":1200,"height":1200,"caption":"Micole"},"image":{"@id":"https:\/\/www.micole.net\/blog\/#\/schema\/logo\/image\/"},"sameAs":["https:\/\/www.facebook.com\/micoleoficial\/","https:\/\/www.instagram.com\/micoleoficial\/"]},{"@type":"Person","@id":"https:\/\/www.micole.net\/blog\/#\/schema\/person\/861e4d9a8ce4499d9c106c2ac39f8951","name":"El equipo de Micole","image":{"@type":"ImageObject","inLanguage":"es","@id":"https:\/\/www.micole.net\/blog\/#\/schema\/person\/image\/","url":"https:\/\/secure.gravatar.com\/avatar\/1cd164d7ed5bce011a362aac715fce0d7731ec230263bea587c3176ae3cf4290?s=96&d=mm&r=g","contentUrl":"https:\/\/secure.gravatar.com\/avatar\/1cd164d7ed5bce011a362aac715fce0d7731ec230263bea587c3176ae3cf4290?s=96&d=mm&r=g","caption":"El equipo de Micole"}}]}},"_links":{"self":[{"href":"https:\/\/www.micole.net\/blog\/wp-json\/wp\/v2\/posts\/82","targetHints":{"allow":["GET"]}}],"collection":[{"href":"https:\/\/www.micole.net\/blog\/wp-json\/wp\/v2\/posts"}],"about":[{"href":"https:\/\/www.micole.net\/blog\/wp-json\/wp\/v2\/types\/post"}],"author":[{"embeddable":true,"href":"https:\/\/www.micole.net\/blog\/wp-json\/wp\/v2\/users\/1"}],"replies":[{"embeddable":true,"href":"https:\/\/www.micole.net\/blog\/wp-json\/wp\/v2\/comments?post=82"}],"version-history":[{"count":0,"href":"https:\/\/www.micole.net\/blog\/wp-json\/wp\/v2\/posts\/82\/revisions"}],"wp:featuredmedia":[{"embeddable":true,"href":"https:\/\/www.micole.net\/blog\/wp-json\/wp\/v2\/media\/185"}],"wp:attachment":[{"href":"https:\/\/www.micole.net\/blog\/wp-json\/wp\/v2\/media?parent=82"}],"wp:term":[{"taxonomy":"category","embeddable":true,"href":"https:\/\/www.micole.net\/blog\/wp-json\/wp\/v2\/categories?post=82"},{"taxonomy":"post_tag","embeddable":true,"href":"https:\/\/www.micole.net\/blog\/wp-json\/wp\/v2\/tags?post=82"}],"curies":[{"name":"wp","href":"https:\/\/api.w.org\/{rel}","templated":true}]}}