{"id":7367,"date":"2026-03-11T11:15:00","date_gmt":"2026-03-11T10:15:00","guid":{"rendered":"https:\/\/www.micole.net\/blog\/?p=7367"},"modified":"2026-04-24T20:20:00","modified_gmt":"2026-04-24T18:20:00","slug":"pedagogia-activa-de-freinet-al-siglo-xxi","status":"publish","type":"post","link":"https:\/\/www.micole.net\/blog\/educacion\/pedagogia-activa-de-freinet-al-siglo-xxi\/","title":{"rendered":"Pedagog\u00eda activa: de Freinet al siglo XXI"},"content":{"rendered":"\n<figure style=\"margin:0 0 24px 0;border-radius:10px;overflow:hidden;\">\n<img decoding=\"async\" src=\"https:\/\/www.micole.net\/blog\/wp-content\/uploads\/2026\/04\/edu-futbol_ninos.jpg\" alt=\"\" loading=\"eager\" style=\"width:100%;height:460px;object-fit:cover;display:block;border-radius:10px;\" \/>\n<\/figure>\n\n\n<h2>Ra\u00edces de la pedagog\u00eda activa<\/h2><p>La pedagog\u00eda activa tiene m\u00e1s de un siglo de historia. C\u00e9lestin Freinet, maestro franc\u00e9s de principios del siglo XX, revolucion\u00f3 la ense\u00f1anza al proponer que los ni\u00f1os aprendieran haciendo: imprimiendo su propio peri\u00f3dico escolar, investigando su entorno, escribiendo textos libres y organizando cooperativas de clase. Su legado sigue vivo en miles de escuelas que entienden al alumno como protagonista activo de su aprendizaje.<\/p><h2>Principios que definen la pedagog\u00eda activa<\/h2><p>El alumno aprende mejor cuando participa activamente que cuando recibe informaci\u00f3n de forma pasiva. El aprendizaje parte del inter\u00e9s y la experiencia del ni\u00f1o. El error es una oportunidad, no un fracaso. La cooperaci\u00f3n entre iguales potencia el desarrollo individual. El maestro es un gu\u00eda que acompa\u00f1a, no un transmisor de contenidos. Estos principios, formulados hace d\u00e9cadas, cobran nueva relevancia en un mundo que demanda creatividad, adaptabilidad y pensamiento cr\u00edtico.<\/p><h2>Freinet en la pr\u00e1ctica actual<\/h2><p>Las t\u00e9cnicas Freinet se han adaptado al siglo XXI sin perder su esencia. El texto libre se ha convertido en blogs y podcasts escolares. La correspondencia entre escuelas ahora es digital y global. La investigaci\u00f3n del medio incorpora herramientas tecnol\u00f3gicas. Las asambleas de clase siguen siendo espacios de democracia participativa donde los alumnos aprenden a debatir, negociar y tomar decisiones colectivas.<\/p><h2>Otras corrientes de pedagog\u00eda activa<\/h2><p>Montessori, Waldorf, Reggio Emilia, Decroly, la Instituci\u00f3n Libre de Ense\u00f1anza&#8230; la pedagog\u00eda activa tiene muchas ramas con enfoques diferentes pero un tronco com\u00fan: respetar el ritmo del ni\u00f1o, aprender haciendo y formar personas completas, no solo alumnos que aprueban ex\u00e1menes. Conocer las diferencias entre estas corrientes ayuda a las familias a identificar qu\u00e9 modelo se alinea mejor con sus valores.<\/p><h2>Evidencia cient\u00edfica sobre el aprendizaje activo<\/h2><p>La neurociencia respalda lo que los pedagogos activos intu\u00edan: el cerebro aprende mejor cuando est\u00e1 emocionalmente implicado, cuando manipula y experimenta, cuando conecta lo nuevo con lo que ya sabe y cuando el aprendizaje tiene sentido y prop\u00f3sito. Los estudios comparativos muestran que las metodolog\u00edas activas producen un aprendizaje m\u00e1s profundo y duradero que la ense\u00f1anza expositiva tradicional.<\/p><h2>C\u00f3mo reconocer un colegio con pedagog\u00eda activa real<\/h2><p>Visita el centro durante horario lectivo y observa: los ni\u00f1os trabajan en grupos o individualmente en proyectos, el aula est\u00e1 organizada por rincones o zonas de actividad, las paredes muestran procesos de trabajo y no solo resultados finales, el profesor circula entre los alumnos en lugar de hablar desde la tarima. Si ves filas de pupitres, silencio absoluto y un \u00fanico libro de texto, probablemente no est\u00e9s ante una pedagog\u00eda activa real.<\/p>\n\n<p>Para orientarte, puedes consultar la ficha de centros como <a href=\"https:\/\/www.micole.net\/madrid\/alcorcon\/colegio-ceu-san-pablo-monteprincipe\">CEU San Pablo Montepr\u00edncipe<\/a> o <a href=\"https:\/\/www.micole.net\/barcelona\/sant-cugat-del-valles\/colegio-viaro\">Colegio Viaro<\/a>, que pueden servir de referencia al comparar opciones.<\/p>\n\n\n<p class=\"micole-cta-pais\">\u00bfBuscas colegio en Espa\u00f1a? Consulta nuestro <a href=\"https:\/\/www.micole.net\/es\/\" title=\"Colegios en Espa\u00f1a\">directorio de colegios en Espa\u00f1a<\/a> y encuentra el centro educativo ideal para tu hijo.<\/p>\n","protected":false},"excerpt":{"rendered":"<p>La pedagog\u00eda activa desde Freinet hasta hoy: principios, t\u00e9cnicas actualizadas al siglo XXI, evidencia cient\u00edfica y c\u00f3mo identificar colegios con metodolog\u00edas activas reales.<\/p>\n","protected":false},"author":1,"featured_media":9271,"comment_status":"open","ping_status":"open","sticky":false,"template":"","format":"standard","meta":{"content-type":"","sfsi_plus_gutenberg_text_before_share":"","sfsi_plus_gutenberg_show_text_before_share":"","sfsi_plus_gutenberg_icon_type":"","sfsi_plus_gutenberg_icon_alignemt":"","sfsi_plus_gutenburg_max_per_row":"","site-sidebar-layout":"default","site-content-layout":"","ast-site-content-layout":"","site-content-style":"default","site-sidebar-style":"default","ast-global-header-display":"","ast-banner-title-visibility":"","ast-main-header-display":"","ast-hfb-above-header-display":"","ast-hfb-below-header-display":"","ast-hfb-mobile-header-display":"","site-post-title":"","ast-breadcrumbs-content":"","ast-featured-img":"","footer-sml-layout":"","theme-transparent-header-meta":"","adv-header-id-meta":"","stick-header-meta":"","header-above-stick-meta":"","header-main-stick-meta":"","header-below-stick-meta":"","astra-migrate-meta-layouts":"","footnotes":""},"categories":[61],"tags":[],"class_list":["post-7367","post","type-post","status-publish","format-standard","has-post-thumbnail","hentry","category-educacion"],"yoast_head":"<!-- This site is optimized with the Yoast SEO plugin v26.9 - https:\/\/yoast.com\/product\/yoast-seo-wordpress\/ -->\n<title>Pedagog\u00eda activa: de Freinet al siglo XXI - Blog Micole<\/title>\n<meta name=\"robots\" content=\"index, follow, max-snippet:-1, max-image-preview:large, max-video-preview:-1\" \/>\n<link rel=\"canonical\" href=\"https:\/\/www.micole.net\/blog\/educacion\/pedagogia-activa-de-freinet-al-siglo-xxi\/\" \/>\n<meta property=\"og:locale\" content=\"es_ES\" \/>\n<meta property=\"og:type\" content=\"article\" \/>\n<meta property=\"og:title\" content=\"Pedagog\u00eda activa: de Freinet al siglo XXI - Blog Micole\" \/>\n<meta property=\"og:description\" content=\"La pedagog\u00eda activa desde Freinet hasta hoy: principios, t\u00e9cnicas actualizadas al siglo XXI, evidencia cient\u00edfica y c\u00f3mo identificar colegios con metodolog\u00edas activas reales.\" \/>\n<meta property=\"og:url\" content=\"https:\/\/www.micole.net\/blog\/educacion\/pedagogia-activa-de-freinet-al-siglo-xxi\/\" \/>\n<meta property=\"og:site_name\" content=\"Blog Micole\" \/>\n<meta property=\"article:publisher\" content=\"https:\/\/www.facebook.com\/micoleoficial\/\" \/>\n<meta property=\"article:published_time\" content=\"2026-03-11T10:15:00+00:00\" \/>\n<meta property=\"article:modified_time\" content=\"2026-04-24T18:20:00+00:00\" \/>\n<meta property=\"og:image\" content=\"https:\/\/www.micole.net\/blog\/wp-content\/uploads\/2026\/04\/edu-futbol_ninos.jpg\" \/>\n\t<meta property=\"og:image:width\" content=\"900\" \/>\n\t<meta property=\"og:image:height\" content=\"486\" \/>\n\t<meta property=\"og:image:type\" content=\"image\/jpeg\" \/>\n<meta name=\"author\" content=\"El equipo de Micole\" \/>\n<meta name=\"twitter:card\" content=\"summary_large_image\" \/>\n<meta name=\"twitter:label1\" content=\"Escrito por\" \/>\n\t<meta name=\"twitter:data1\" content=\"El equipo de Micole\" \/>\n\t<meta name=\"twitter:label2\" content=\"Tiempo de lectura\" \/>\n\t<meta name=\"twitter:data2\" content=\"3 minutos\" \/>\n<script type=\"application\/ld+json\" class=\"yoast-schema-graph\">{\"@context\":\"https:\/\/schema.org\",\"@graph\":[{\"@type\":\"Article\",\"@id\":\"https:\/\/www.micole.net\/blog\/educacion\/pedagogia-activa-de-freinet-al-siglo-xxi\/#article\",\"isPartOf\":{\"@id\":\"https:\/\/www.micole.net\/blog\/educacion\/pedagogia-activa-de-freinet-al-siglo-xxi\/\"},\"author\":{\"name\":\"El equipo de Micole\",\"@id\":\"https:\/\/www.micole.net\/blog\/#\/schema\/person\/861e4d9a8ce4499d9c106c2ac39f8951\"},\"headline\":\"Pedagog\u00eda activa: de Freinet al siglo XXI\",\"datePublished\":\"2026-03-11T10:15:00+00:00\",\"dateModified\":\"2026-04-24T18:20:00+00:00\",\"mainEntityOfPage\":{\"@id\":\"https:\/\/www.micole.net\/blog\/educacion\/pedagogia-activa-de-freinet-al-siglo-xxi\/\"},\"wordCount\":514,\"commentCount\":0,\"publisher\":{\"@id\":\"https:\/\/www.micole.net\/blog\/#organization\"},\"image\":{\"@id\":\"https:\/\/www.micole.net\/blog\/educacion\/pedagogia-activa-de-freinet-al-siglo-xxi\/#primaryimage\"},\"thumbnailUrl\":\"https:\/\/www.micole.net\/blog\/wp-content\/uploads\/2026\/04\/edu-futbol_ninos.jpg\",\"articleSection\":[\"Educaci\u00f3n\"],\"inLanguage\":\"es\",\"potentialAction\":[{\"@type\":\"CommentAction\",\"name\":\"Comment\",\"target\":[\"https:\/\/www.micole.net\/blog\/educacion\/pedagogia-activa-de-freinet-al-siglo-xxi\/#respond\"]}]},{\"@type\":\"WebPage\",\"@id\":\"https:\/\/www.micole.net\/blog\/educacion\/pedagogia-activa-de-freinet-al-siglo-xxi\/\",\"url\":\"https:\/\/www.micole.net\/blog\/educacion\/pedagogia-activa-de-freinet-al-siglo-xxi\/\",\"name\":\"Pedagog\u00eda activa: de Freinet al siglo XXI - Blog Micole\",\"isPartOf\":{\"@id\":\"https:\/\/www.micole.net\/blog\/#website\"},\"primaryImageOfPage\":{\"@id\":\"https:\/\/www.micole.net\/blog\/educacion\/pedagogia-activa-de-freinet-al-siglo-xxi\/#primaryimage\"},\"image\":{\"@id\":\"https:\/\/www.micole.net\/blog\/educacion\/pedagogia-activa-de-freinet-al-siglo-xxi\/#primaryimage\"},\"thumbnailUrl\":\"https:\/\/www.micole.net\/blog\/wp-content\/uploads\/2026\/04\/edu-futbol_ninos.jpg\",\"datePublished\":\"2026-03-11T10:15:00+00:00\",\"dateModified\":\"2026-04-24T18:20:00+00:00\",\"breadcrumb\":{\"@id\":\"https:\/\/www.micole.net\/blog\/educacion\/pedagogia-activa-de-freinet-al-siglo-xxi\/#breadcrumb\"},\"inLanguage\":\"es\",\"potentialAction\":[{\"@type\":\"ReadAction\",\"target\":[\"https:\/\/www.micole.net\/blog\/educacion\/pedagogia-activa-de-freinet-al-siglo-xxi\/\"]}]},{\"@type\":\"ImageObject\",\"inLanguage\":\"es\",\"@id\":\"https:\/\/www.micole.net\/blog\/educacion\/pedagogia-activa-de-freinet-al-siglo-xxi\/#primaryimage\",\"url\":\"https:\/\/www.micole.net\/blog\/wp-content\/uploads\/2026\/04\/edu-futbol_ninos.jpg\",\"contentUrl\":\"https:\/\/www.micole.net\/blog\/wp-content\/uploads\/2026\/04\/edu-futbol_ninos.jpg\",\"width\":900,\"height\":486},{\"@type\":\"BreadcrumbList\",\"@id\":\"https:\/\/www.micole.net\/blog\/educacion\/pedagogia-activa-de-freinet-al-siglo-xxi\/#breadcrumb\",\"itemListElement\":[{\"@type\":\"ListItem\",\"position\":1,\"name\":\"Portada\",\"item\":\"https:\/\/www.micole.net\/blog\/\"},{\"@type\":\"ListItem\",\"position\":2,\"name\":\"Pedagog\u00eda activa: de Freinet al siglo XXI\"}]},{\"@type\":\"WebSite\",\"@id\":\"https:\/\/www.micole.net\/blog\/#website\",\"url\":\"https:\/\/www.micole.net\/blog\/\",\"name\":\"Blog Micole\",\"description\":\"En el Blog de Micole encontrar\u00e1s contenido y recursos relacionados con la educaci\u00f3n y la crianza de los hijos\",\"publisher\":{\"@id\":\"https:\/\/www.micole.net\/blog\/#organization\"},\"potentialAction\":[{\"@type\":\"SearchAction\",\"target\":{\"@type\":\"EntryPoint\",\"urlTemplate\":\"https:\/\/www.micole.net\/blog\/?s={search_term_string}\"},\"query-input\":{\"@type\":\"PropertyValueSpecification\",\"valueRequired\":true,\"valueName\":\"search_term_string\"}}],\"inLanguage\":\"es\"},{\"@type\":\"Organization\",\"@id\":\"https:\/\/www.micole.net\/blog\/#organization\",\"name\":\"Micole\",\"url\":\"https:\/\/www.micole.net\/blog\/\",\"logo\":{\"@type\":\"ImageObject\",\"inLanguage\":\"es\",\"@id\":\"https:\/\/www.micole.net\/blog\/#\/schema\/logo\/image\/\",\"url\":\"https:\/\/www.micole.net\/blog\/wp-content\/uploads\/2019\/12\/logo.png\",\"contentUrl\":\"https:\/\/www.micole.net\/blog\/wp-content\/uploads\/2019\/12\/logo.png\",\"width\":1200,\"height\":1200,\"caption\":\"Micole\"},\"image\":{\"@id\":\"https:\/\/www.micole.net\/blog\/#\/schema\/logo\/image\/\"},\"sameAs\":[\"https:\/\/www.facebook.com\/micoleoficial\/\",\"https:\/\/www.instagram.com\/micoleoficial\/\"]},{\"@type\":\"Person\",\"@id\":\"https:\/\/www.micole.net\/blog\/#\/schema\/person\/861e4d9a8ce4499d9c106c2ac39f8951\",\"name\":\"El equipo de Micole\",\"image\":{\"@type\":\"ImageObject\",\"inLanguage\":\"es\",\"@id\":\"https:\/\/www.micole.net\/blog\/#\/schema\/person\/image\/\",\"url\":\"https:\/\/secure.gravatar.com\/avatar\/1cd164d7ed5bce011a362aac715fce0d7731ec230263bea587c3176ae3cf4290?s=96&d=mm&r=g\",\"contentUrl\":\"https:\/\/secure.gravatar.com\/avatar\/1cd164d7ed5bce011a362aac715fce0d7731ec230263bea587c3176ae3cf4290?s=96&d=mm&r=g\",\"caption\":\"El equipo de Micole\"}}]}<\/script>\n<!-- \/ Yoast SEO plugin. -->","yoast_head_json":{"title":"Pedagog\u00eda activa: de Freinet al siglo XXI - Blog Micole","robots":{"index":"index","follow":"follow","max-snippet":"max-snippet:-1","max-image-preview":"max-image-preview:large","max-video-preview":"max-video-preview:-1"},"canonical":"https:\/\/www.micole.net\/blog\/educacion\/pedagogia-activa-de-freinet-al-siglo-xxi\/","og_locale":"es_ES","og_type":"article","og_title":"Pedagog\u00eda activa: de Freinet al siglo XXI - Blog Micole","og_description":"La pedagog\u00eda activa desde Freinet hasta hoy: principios, t\u00e9cnicas actualizadas al siglo XXI, evidencia cient\u00edfica y c\u00f3mo identificar colegios con metodolog\u00edas activas reales.","og_url":"https:\/\/www.micole.net\/blog\/educacion\/pedagogia-activa-de-freinet-al-siglo-xxi\/","og_site_name":"Blog Micole","article_publisher":"https:\/\/www.facebook.com\/micoleoficial\/","article_published_time":"2026-03-11T10:15:00+00:00","article_modified_time":"2026-04-24T18:20:00+00:00","og_image":[{"width":900,"height":486,"url":"https:\/\/www.micole.net\/blog\/wp-content\/uploads\/2026\/04\/edu-futbol_ninos.jpg","type":"image\/jpeg"}],"author":"El equipo de Micole","twitter_card":"summary_large_image","twitter_misc":{"Escrito por":"El equipo de Micole","Tiempo de lectura":"3 minutos"},"schema":{"@context":"https:\/\/schema.org","@graph":[{"@type":"Article","@id":"https:\/\/www.micole.net\/blog\/educacion\/pedagogia-activa-de-freinet-al-siglo-xxi\/#article","isPartOf":{"@id":"https:\/\/www.micole.net\/blog\/educacion\/pedagogia-activa-de-freinet-al-siglo-xxi\/"},"author":{"name":"El equipo de Micole","@id":"https:\/\/www.micole.net\/blog\/#\/schema\/person\/861e4d9a8ce4499d9c106c2ac39f8951"},"headline":"Pedagog\u00eda activa: de Freinet al siglo XXI","datePublished":"2026-03-11T10:15:00+00:00","dateModified":"2026-04-24T18:20:00+00:00","mainEntityOfPage":{"@id":"https:\/\/www.micole.net\/blog\/educacion\/pedagogia-activa-de-freinet-al-siglo-xxi\/"},"wordCount":514,"commentCount":0,"publisher":{"@id":"https:\/\/www.micole.net\/blog\/#organization"},"image":{"@id":"https:\/\/www.micole.net\/blog\/educacion\/pedagogia-activa-de-freinet-al-siglo-xxi\/#primaryimage"},"thumbnailUrl":"https:\/\/www.micole.net\/blog\/wp-content\/uploads\/2026\/04\/edu-futbol_ninos.jpg","articleSection":["Educaci\u00f3n"],"inLanguage":"es","potentialAction":[{"@type":"CommentAction","name":"Comment","target":["https:\/\/www.micole.net\/blog\/educacion\/pedagogia-activa-de-freinet-al-siglo-xxi\/#respond"]}]},{"@type":"WebPage","@id":"https:\/\/www.micole.net\/blog\/educacion\/pedagogia-activa-de-freinet-al-siglo-xxi\/","url":"https:\/\/www.micole.net\/blog\/educacion\/pedagogia-activa-de-freinet-al-siglo-xxi\/","name":"Pedagog\u00eda activa: de Freinet al siglo XXI - Blog Micole","isPartOf":{"@id":"https:\/\/www.micole.net\/blog\/#website"},"primaryImageOfPage":{"@id":"https:\/\/www.micole.net\/blog\/educacion\/pedagogia-activa-de-freinet-al-siglo-xxi\/#primaryimage"},"image":{"@id":"https:\/\/www.micole.net\/blog\/educacion\/pedagogia-activa-de-freinet-al-siglo-xxi\/#primaryimage"},"thumbnailUrl":"https:\/\/www.micole.net\/blog\/wp-content\/uploads\/2026\/04\/edu-futbol_ninos.jpg","datePublished":"2026-03-11T10:15:00+00:00","dateModified":"2026-04-24T18:20:00+00:00","breadcrumb":{"@id":"https:\/\/www.micole.net\/blog\/educacion\/pedagogia-activa-de-freinet-al-siglo-xxi\/#breadcrumb"},"inLanguage":"es","potentialAction":[{"@type":"ReadAction","target":["https:\/\/www.micole.net\/blog\/educacion\/pedagogia-activa-de-freinet-al-siglo-xxi\/"]}]},{"@type":"ImageObject","inLanguage":"es","@id":"https:\/\/www.micole.net\/blog\/educacion\/pedagogia-activa-de-freinet-al-siglo-xxi\/#primaryimage","url":"https:\/\/www.micole.net\/blog\/wp-content\/uploads\/2026\/04\/edu-futbol_ninos.jpg","contentUrl":"https:\/\/www.micole.net\/blog\/wp-content\/uploads\/2026\/04\/edu-futbol_ninos.jpg","width":900,"height":486},{"@type":"BreadcrumbList","@id":"https:\/\/www.micole.net\/blog\/educacion\/pedagogia-activa-de-freinet-al-siglo-xxi\/#breadcrumb","itemListElement":[{"@type":"ListItem","position":1,"name":"Portada","item":"https:\/\/www.micole.net\/blog\/"},{"@type":"ListItem","position":2,"name":"Pedagog\u00eda activa: de Freinet al siglo XXI"}]},{"@type":"WebSite","@id":"https:\/\/www.micole.net\/blog\/#website","url":"https:\/\/www.micole.net\/blog\/","name":"Blog Micole","description":"En el Blog de Micole encontrar\u00e1s contenido y recursos relacionados con la educaci\u00f3n y la crianza de los hijos","publisher":{"@id":"https:\/\/www.micole.net\/blog\/#organization"},"potentialAction":[{"@type":"SearchAction","target":{"@type":"EntryPoint","urlTemplate":"https:\/\/www.micole.net\/blog\/?s={search_term_string}"},"query-input":{"@type":"PropertyValueSpecification","valueRequired":true,"valueName":"search_term_string"}}],"inLanguage":"es"},{"@type":"Organization","@id":"https:\/\/www.micole.net\/blog\/#organization","name":"Micole","url":"https:\/\/www.micole.net\/blog\/","logo":{"@type":"ImageObject","inLanguage":"es","@id":"https:\/\/www.micole.net\/blog\/#\/schema\/logo\/image\/","url":"https:\/\/www.micole.net\/blog\/wp-content\/uploads\/2019\/12\/logo.png","contentUrl":"https:\/\/www.micole.net\/blog\/wp-content\/uploads\/2019\/12\/logo.png","width":1200,"height":1200,"caption":"Micole"},"image":{"@id":"https:\/\/www.micole.net\/blog\/#\/schema\/logo\/image\/"},"sameAs":["https:\/\/www.facebook.com\/micoleoficial\/","https:\/\/www.instagram.com\/micoleoficial\/"]},{"@type":"Person","@id":"https:\/\/www.micole.net\/blog\/#\/schema\/person\/861e4d9a8ce4499d9c106c2ac39f8951","name":"El equipo de Micole","image":{"@type":"ImageObject","inLanguage":"es","@id":"https:\/\/www.micole.net\/blog\/#\/schema\/person\/image\/","url":"https:\/\/secure.gravatar.com\/avatar\/1cd164d7ed5bce011a362aac715fce0d7731ec230263bea587c3176ae3cf4290?s=96&d=mm&r=g","contentUrl":"https:\/\/secure.gravatar.com\/avatar\/1cd164d7ed5bce011a362aac715fce0d7731ec230263bea587c3176ae3cf4290?s=96&d=mm&r=g","caption":"El equipo de Micole"}}]}},"_links":{"self":[{"href":"https:\/\/www.micole.net\/blog\/wp-json\/wp\/v2\/posts\/7367","targetHints":{"allow":["GET"]}}],"collection":[{"href":"https:\/\/www.micole.net\/blog\/wp-json\/wp\/v2\/posts"}],"about":[{"href":"https:\/\/www.micole.net\/blog\/wp-json\/wp\/v2\/types\/post"}],"author":[{"embeddable":true,"href":"https:\/\/www.micole.net\/blog\/wp-json\/wp\/v2\/users\/1"}],"replies":[{"embeddable":true,"href":"https:\/\/www.micole.net\/blog\/wp-json\/wp\/v2\/comments?post=7367"}],"version-history":[{"count":2,"href":"https:\/\/www.micole.net\/blog\/wp-json\/wp\/v2\/posts\/7367\/revisions"}],"predecessor-version":[{"id":9491,"href":"https:\/\/www.micole.net\/blog\/wp-json\/wp\/v2\/posts\/7367\/revisions\/9491"}],"wp:featuredmedia":[{"embeddable":true,"href":"https:\/\/www.micole.net\/blog\/wp-json\/wp\/v2\/media\/9271"}],"wp:attachment":[{"href":"https:\/\/www.micole.net\/blog\/wp-json\/wp\/v2\/media?parent=7367"}],"wp:term":[{"taxonomy":"category","embeddable":true,"href":"https:\/\/www.micole.net\/blog\/wp-json\/wp\/v2\/categories?post=7367"},{"taxonomy":"post_tag","embeddable":true,"href":"https:\/\/www.micole.net\/blog\/wp-json\/wp\/v2\/tags?post=7367"}],"curies":[{"name":"wp","href":"https:\/\/api.w.org\/{rel}","templated":true}]}}