{"id":7365,"date":"2026-03-11T10:45:00","date_gmt":"2026-03-11T09:45:00","guid":{"rendered":"https:\/\/www.micole.net\/blog\/?p=7365"},"modified":"2026-04-24T20:20:15","modified_gmt":"2026-04-24T18:20:15","slug":"el-reto-de-la-inclusion-educativa-en-espana-avances-y-asignaturas-pendientes","status":"publish","type":"post","link":"https:\/\/www.micole.net\/blog\/educacion\/el-reto-de-la-inclusion-educativa-en-espana-avances-y-asignaturas-pendientes\/","title":{"rendered":"El reto de la inclusi\u00f3n educativa en Espa\u00f1a: avances y asignaturas pendientes"},"content":{"rendered":"\n<figure style=\"margin:0 0 24px 0;border-radius:10px;overflow:hidden;\">\n<img decoding=\"async\" src=\"https:\/\/www.micole.net\/blog\/wp-content\/uploads\/2026\/04\/edu-participacion.jpg\" alt=\"\" loading=\"eager\" style=\"width:100%;height:460px;object-fit:cover;display:block;border-radius:10px;\" \/>\n<\/figure>\n\n\n<h2>Qu\u00e9 entendemos por inclusi\u00f3n educativa<\/h2><p>La inclusi\u00f3n educativa va m\u00e1s all\u00e1 de integrar a alumnos con discapacidad en aulas ordinarias. Significa dise\u00f1ar un sistema educativo donde todos los estudiantes, independientemente de sus capacidades, origen, idioma o circunstancias, puedan participar, aprender y desarrollarse plenamente. Es un cambio de paradigma: no es el alumno quien debe adaptarse al sistema, sino el sistema el que debe adaptarse a cada alumno.<\/p><h2>Marco legal en Espa\u00f1a<\/h2><p>La LOMLOE (2020) refuerza el compromiso con la educaci\u00f3n inclusiva y establece que los centros ordinarios deben ser la primera opci\u00f3n para todos los alumnos. Sin embargo, la distancia entre la legislaci\u00f3n y la realidad de las aulas sigue siendo considerable. La falta de recursos, la formaci\u00f3n insuficiente del profesorado y las ratios elevadas dificultan la implementaci\u00f3n efectiva de la inclusi\u00f3n en muchos centros.<\/p><h2>Alumnos con necesidades educativas especiales<\/h2><p>Aproximadamente el 3% del alumnado espa\u00f1ol tiene necesidades educativas especiales reconocidas, pero el porcentaje de estudiantes que necesitan alg\u00fan tipo de apoyo adicional es mucho mayor si incluimos dificultades de aprendizaje, altas capacidades, incorporaci\u00f3n tard\u00eda al sistema o situaciones socioecon\u00f3micas desfavorecidas. La respuesta educativa debe ser tan diversa como la propia diversidad del alumnado.<\/p><h2>Recursos y apoyos necesarios<\/h2><p>La inclusi\u00f3n real requiere profesionales especializados (PT, AL, orientadores), materiales adaptados, espacios accesibles, tecnolog\u00eda asistiva y formaci\u00f3n continua para todo el equipo docente. Tambi\u00e9n necesita ratios m\u00e1s bajas que permitan la atenci\u00f3n individualizada y tiempo para la coordinaci\u00f3n entre profesionales. Sin estos recursos, la inclusi\u00f3n se convierte en una declaraci\u00f3n de intenciones sin impacto real.<\/p><h2>Buenas pr\u00e1cticas que funcionan<\/h2><p>El dise\u00f1o universal para el aprendizaje (DUA), la docencia compartida, los grupos interactivos, las tutor\u00edas entre iguales y los planes individualizados son estrategias con evidencia de eficacia. Los centros que las implementan de forma sistem\u00e1tica consiguen mejorar los resultados de todos los alumnos, no solo de aquellos con necesidades espec\u00edficas.<\/p><h2>C\u00f3mo evaluar la inclusi\u00f3n de un colegio<\/h2><p>Pregunta por el equipo de orientaci\u00f3n, los programas de apoyo, la pol\u00edtica de atenci\u00f3n a la diversidad y las experiencias de otras familias con situaciones similares a la tuya. Observa si las instalaciones son accesibles, si hay aulas de apoyo y si el discurso del centro sobre inclusi\u00f3n se traduce en pr\u00e1cticas concretas y medibles.<\/p>\n\n<p>Para orientarte, puedes consultar la ficha de centros como <a href=\"https:\/\/www.micole.net\/barcelona\/barcelona\/colegio-sant-ferran\">Colegio Sant Ferran<\/a> o <a href=\"https:\/\/www.micole.net\/sevilla\/tomares\/colegio-bilingue-al-andalus-2000\">Colegio Biling\u00fce Al-\u00c1ndalus 2000<\/a>, que pueden servir de referencia al comparar opciones.<\/p>\n\n\n<p class=\"micole-cta-pais\">\u00bfBuscas colegio en Espa\u00f1a? Consulta nuestro <a href=\"https:\/\/www.micole.net\/es\/\" title=\"Colegios en Espa\u00f1a\">directorio de colegios en Espa\u00f1a<\/a> y encuentra el centro educativo ideal para tu hijo.<\/p>\n","protected":false},"excerpt":{"rendered":"<p>El estado de la inclusi\u00f3n educativa en Espa\u00f1a: marco legal, recursos necesarios, buenas pr\u00e1cticas y c\u00f3mo evaluar si un colegio es verdaderamente inclusivo.<\/p>\n","protected":false},"author":1,"featured_media":9265,"comment_status":"open","ping_status":"open","sticky":false,"template":"","format":"standard","meta":{"content-type":"","sfsi_plus_gutenberg_text_before_share":"","sfsi_plus_gutenberg_show_text_before_share":"","sfsi_plus_gutenberg_icon_type":"","sfsi_plus_gutenberg_icon_alignemt":"","sfsi_plus_gutenburg_max_per_row":"","site-sidebar-layout":"default","site-content-layout":"","ast-site-content-layout":"","site-content-style":"default","site-sidebar-style":"default","ast-global-header-display":"","ast-banner-title-visibility":"","ast-main-header-display":"","ast-hfb-above-header-display":"","ast-hfb-below-header-display":"","ast-hfb-mobile-header-display":"","site-post-title":"","ast-breadcrumbs-content":"","ast-featured-img":"","footer-sml-layout":"","theme-transparent-header-meta":"","adv-header-id-meta":"","stick-header-meta":"","header-above-stick-meta":"","header-main-stick-meta":"","header-below-stick-meta":"","astra-migrate-meta-layouts":"","footnotes":""},"categories":[61,128],"tags":[],"class_list":["post-7365","post","type-post","status-publish","format-standard","has-post-thumbnail","hentry","category-educacion","category-recomendaciones-para-familias"],"yoast_head":"<!-- This site is optimized with the Yoast SEO plugin v26.9 - https:\/\/yoast.com\/product\/yoast-seo-wordpress\/ -->\n<title>El reto de la inclusi\u00f3n educativa en Espa\u00f1a: avances y asignaturas pendientes - Blog Micole<\/title>\n<meta name=\"robots\" content=\"index, follow, max-snippet:-1, max-image-preview:large, max-video-preview:-1\" \/>\n<link rel=\"canonical\" href=\"https:\/\/www.micole.net\/blog\/educacion\/el-reto-de-la-inclusion-educativa-en-espana-avances-y-asignaturas-pendientes\/\" \/>\n<meta property=\"og:locale\" content=\"es_ES\" \/>\n<meta property=\"og:type\" content=\"article\" \/>\n<meta property=\"og:title\" content=\"El reto de la inclusi\u00f3n educativa en Espa\u00f1a: avances y asignaturas pendientes - Blog Micole\" \/>\n<meta property=\"og:description\" content=\"El estado de la inclusi\u00f3n educativa en Espa\u00f1a: marco legal, recursos necesarios, buenas pr\u00e1cticas y c\u00f3mo evaluar si un colegio es verdaderamente inclusivo.\" \/>\n<meta property=\"og:url\" content=\"https:\/\/www.micole.net\/blog\/educacion\/el-reto-de-la-inclusion-educativa-en-espana-avances-y-asignaturas-pendientes\/\" \/>\n<meta property=\"og:site_name\" content=\"Blog Micole\" \/>\n<meta property=\"article:publisher\" content=\"https:\/\/www.facebook.com\/micoleoficial\/\" \/>\n<meta property=\"article:published_time\" content=\"2026-03-11T09:45:00+00:00\" \/>\n<meta property=\"article:modified_time\" content=\"2026-04-24T18:20:15+00:00\" \/>\n<meta property=\"og:image\" content=\"https:\/\/www.micole.net\/blog\/wp-content\/uploads\/2026\/04\/edu-participacion.jpg\" \/>\n\t<meta property=\"og:image:width\" content=\"420\" \/>\n\t<meta property=\"og:image:height\" content=\"560\" \/>\n\t<meta property=\"og:image:type\" content=\"image\/jpeg\" \/>\n<meta name=\"author\" content=\"El equipo de Micole\" \/>\n<meta name=\"twitter:card\" content=\"summary_large_image\" \/>\n<meta name=\"twitter:label1\" content=\"Escrito por\" \/>\n\t<meta name=\"twitter:data1\" content=\"El equipo de Micole\" \/>\n\t<meta name=\"twitter:label2\" content=\"Tiempo de lectura\" \/>\n\t<meta name=\"twitter:data2\" content=\"2 minutos\" \/>\n<script type=\"application\/ld+json\" class=\"yoast-schema-graph\">{\"@context\":\"https:\/\/schema.org\",\"@graph\":[{\"@type\":\"Article\",\"@id\":\"https:\/\/www.micole.net\/blog\/educacion\/el-reto-de-la-inclusion-educativa-en-espana-avances-y-asignaturas-pendientes\/#article\",\"isPartOf\":{\"@id\":\"https:\/\/www.micole.net\/blog\/educacion\/el-reto-de-la-inclusion-educativa-en-espana-avances-y-asignaturas-pendientes\/\"},\"author\":{\"name\":\"El equipo de Micole\",\"@id\":\"https:\/\/www.micole.net\/blog\/#\/schema\/person\/861e4d9a8ce4499d9c106c2ac39f8951\"},\"headline\":\"El reto de la inclusi\u00f3n educativa en Espa\u00f1a: avances y asignaturas pendientes\",\"datePublished\":\"2026-03-11T09:45:00+00:00\",\"dateModified\":\"2026-04-24T18:20:15+00:00\",\"mainEntityOfPage\":{\"@id\":\"https:\/\/www.micole.net\/blog\/educacion\/el-reto-de-la-inclusion-educativa-en-espana-avances-y-asignaturas-pendientes\/\"},\"wordCount\":466,\"commentCount\":0,\"publisher\":{\"@id\":\"https:\/\/www.micole.net\/blog\/#organization\"},\"image\":{\"@id\":\"https:\/\/www.micole.net\/blog\/educacion\/el-reto-de-la-inclusion-educativa-en-espana-avances-y-asignaturas-pendientes\/#primaryimage\"},\"thumbnailUrl\":\"https:\/\/www.micole.net\/blog\/wp-content\/uploads\/2026\/04\/edu-participacion.jpg\",\"articleSection\":[\"Educaci\u00f3n\",\"Recomendaciones para familias\"],\"inLanguage\":\"es\",\"potentialAction\":[{\"@type\":\"CommentAction\",\"name\":\"Comment\",\"target\":[\"https:\/\/www.micole.net\/blog\/educacion\/el-reto-de-la-inclusion-educativa-en-espana-avances-y-asignaturas-pendientes\/#respond\"]}]},{\"@type\":\"WebPage\",\"@id\":\"https:\/\/www.micole.net\/blog\/educacion\/el-reto-de-la-inclusion-educativa-en-espana-avances-y-asignaturas-pendientes\/\",\"url\":\"https:\/\/www.micole.net\/blog\/educacion\/el-reto-de-la-inclusion-educativa-en-espana-avances-y-asignaturas-pendientes\/\",\"name\":\"El reto de la inclusi\u00f3n educativa en Espa\u00f1a: avances y asignaturas pendientes - Blog Micole\",\"isPartOf\":{\"@id\":\"https:\/\/www.micole.net\/blog\/#website\"},\"primaryImageOfPage\":{\"@id\":\"https:\/\/www.micole.net\/blog\/educacion\/el-reto-de-la-inclusion-educativa-en-espana-avances-y-asignaturas-pendientes\/#primaryimage\"},\"image\":{\"@id\":\"https:\/\/www.micole.net\/blog\/educacion\/el-reto-de-la-inclusion-educativa-en-espana-avances-y-asignaturas-pendientes\/#primaryimage\"},\"thumbnailUrl\":\"https:\/\/www.micole.net\/blog\/wp-content\/uploads\/2026\/04\/edu-participacion.jpg\",\"datePublished\":\"2026-03-11T09:45:00+00:00\",\"dateModified\":\"2026-04-24T18:20:15+00:00\",\"breadcrumb\":{\"@id\":\"https:\/\/www.micole.net\/blog\/educacion\/el-reto-de-la-inclusion-educativa-en-espana-avances-y-asignaturas-pendientes\/#breadcrumb\"},\"inLanguage\":\"es\",\"potentialAction\":[{\"@type\":\"ReadAction\",\"target\":[\"https:\/\/www.micole.net\/blog\/educacion\/el-reto-de-la-inclusion-educativa-en-espana-avances-y-asignaturas-pendientes\/\"]}]},{\"@type\":\"ImageObject\",\"inLanguage\":\"es\",\"@id\":\"https:\/\/www.micole.net\/blog\/educacion\/el-reto-de-la-inclusion-educativa-en-espana-avances-y-asignaturas-pendientes\/#primaryimage\",\"url\":\"https:\/\/www.micole.net\/blog\/wp-content\/uploads\/2026\/04\/edu-participacion.jpg\",\"contentUrl\":\"https:\/\/www.micole.net\/blog\/wp-content\/uploads\/2026\/04\/edu-participacion.jpg\",\"width\":420,\"height\":560},{\"@type\":\"BreadcrumbList\",\"@id\":\"https:\/\/www.micole.net\/blog\/educacion\/el-reto-de-la-inclusion-educativa-en-espana-avances-y-asignaturas-pendientes\/#breadcrumb\",\"itemListElement\":[{\"@type\":\"ListItem\",\"position\":1,\"name\":\"Portada\",\"item\":\"https:\/\/www.micole.net\/blog\/\"},{\"@type\":\"ListItem\",\"position\":2,\"name\":\"El reto de la inclusi\u00f3n educativa en Espa\u00f1a: avances y asignaturas pendientes\"}]},{\"@type\":\"WebSite\",\"@id\":\"https:\/\/www.micole.net\/blog\/#website\",\"url\":\"https:\/\/www.micole.net\/blog\/\",\"name\":\"Blog Micole\",\"description\":\"En el Blog de Micole encontrar\u00e1s contenido y recursos relacionados con la educaci\u00f3n y la crianza de los hijos\",\"publisher\":{\"@id\":\"https:\/\/www.micole.net\/blog\/#organization\"},\"potentialAction\":[{\"@type\":\"SearchAction\",\"target\":{\"@type\":\"EntryPoint\",\"urlTemplate\":\"https:\/\/www.micole.net\/blog\/?s={search_term_string}\"},\"query-input\":{\"@type\":\"PropertyValueSpecification\",\"valueRequired\":true,\"valueName\":\"search_term_string\"}}],\"inLanguage\":\"es\"},{\"@type\":\"Organization\",\"@id\":\"https:\/\/www.micole.net\/blog\/#organization\",\"name\":\"Micole\",\"url\":\"https:\/\/www.micole.net\/blog\/\",\"logo\":{\"@type\":\"ImageObject\",\"inLanguage\":\"es\",\"@id\":\"https:\/\/www.micole.net\/blog\/#\/schema\/logo\/image\/\",\"url\":\"https:\/\/www.micole.net\/blog\/wp-content\/uploads\/2019\/12\/logo.png\",\"contentUrl\":\"https:\/\/www.micole.net\/blog\/wp-content\/uploads\/2019\/12\/logo.png\",\"width\":1200,\"height\":1200,\"caption\":\"Micole\"},\"image\":{\"@id\":\"https:\/\/www.micole.net\/blog\/#\/schema\/logo\/image\/\"},\"sameAs\":[\"https:\/\/www.facebook.com\/micoleoficial\/\",\"https:\/\/www.instagram.com\/micoleoficial\/\"]},{\"@type\":\"Person\",\"@id\":\"https:\/\/www.micole.net\/blog\/#\/schema\/person\/861e4d9a8ce4499d9c106c2ac39f8951\",\"name\":\"El equipo de Micole\",\"image\":{\"@type\":\"ImageObject\",\"inLanguage\":\"es\",\"@id\":\"https:\/\/www.micole.net\/blog\/#\/schema\/person\/image\/\",\"url\":\"https:\/\/secure.gravatar.com\/avatar\/1cd164d7ed5bce011a362aac715fce0d7731ec230263bea587c3176ae3cf4290?s=96&d=mm&r=g\",\"contentUrl\":\"https:\/\/secure.gravatar.com\/avatar\/1cd164d7ed5bce011a362aac715fce0d7731ec230263bea587c3176ae3cf4290?s=96&d=mm&r=g\",\"caption\":\"El equipo de Micole\"}}]}<\/script>\n<!-- \/ Yoast SEO plugin. -->","yoast_head_json":{"title":"El reto de la inclusi\u00f3n educativa en Espa\u00f1a: avances y asignaturas pendientes - Blog Micole","robots":{"index":"index","follow":"follow","max-snippet":"max-snippet:-1","max-image-preview":"max-image-preview:large","max-video-preview":"max-video-preview:-1"},"canonical":"https:\/\/www.micole.net\/blog\/educacion\/el-reto-de-la-inclusion-educativa-en-espana-avances-y-asignaturas-pendientes\/","og_locale":"es_ES","og_type":"article","og_title":"El reto de la inclusi\u00f3n educativa en Espa\u00f1a: avances y asignaturas pendientes - Blog Micole","og_description":"El estado de la inclusi\u00f3n educativa en Espa\u00f1a: marco legal, recursos necesarios, buenas pr\u00e1cticas y c\u00f3mo evaluar si un colegio es verdaderamente inclusivo.","og_url":"https:\/\/www.micole.net\/blog\/educacion\/el-reto-de-la-inclusion-educativa-en-espana-avances-y-asignaturas-pendientes\/","og_site_name":"Blog Micole","article_publisher":"https:\/\/www.facebook.com\/micoleoficial\/","article_published_time":"2026-03-11T09:45:00+00:00","article_modified_time":"2026-04-24T18:20:15+00:00","og_image":[{"width":420,"height":560,"url":"https:\/\/www.micole.net\/blog\/wp-content\/uploads\/2026\/04\/edu-participacion.jpg","type":"image\/jpeg"}],"author":"El equipo de Micole","twitter_card":"summary_large_image","twitter_misc":{"Escrito por":"El equipo de Micole","Tiempo de lectura":"2 minutos"},"schema":{"@context":"https:\/\/schema.org","@graph":[{"@type":"Article","@id":"https:\/\/www.micole.net\/blog\/educacion\/el-reto-de-la-inclusion-educativa-en-espana-avances-y-asignaturas-pendientes\/#article","isPartOf":{"@id":"https:\/\/www.micole.net\/blog\/educacion\/el-reto-de-la-inclusion-educativa-en-espana-avances-y-asignaturas-pendientes\/"},"author":{"name":"El equipo de Micole","@id":"https:\/\/www.micole.net\/blog\/#\/schema\/person\/861e4d9a8ce4499d9c106c2ac39f8951"},"headline":"El reto de la inclusi\u00f3n educativa en Espa\u00f1a: avances y asignaturas pendientes","datePublished":"2026-03-11T09:45:00+00:00","dateModified":"2026-04-24T18:20:15+00:00","mainEntityOfPage":{"@id":"https:\/\/www.micole.net\/blog\/educacion\/el-reto-de-la-inclusion-educativa-en-espana-avances-y-asignaturas-pendientes\/"},"wordCount":466,"commentCount":0,"publisher":{"@id":"https:\/\/www.micole.net\/blog\/#organization"},"image":{"@id":"https:\/\/www.micole.net\/blog\/educacion\/el-reto-de-la-inclusion-educativa-en-espana-avances-y-asignaturas-pendientes\/#primaryimage"},"thumbnailUrl":"https:\/\/www.micole.net\/blog\/wp-content\/uploads\/2026\/04\/edu-participacion.jpg","articleSection":["Educaci\u00f3n","Recomendaciones para familias"],"inLanguage":"es","potentialAction":[{"@type":"CommentAction","name":"Comment","target":["https:\/\/www.micole.net\/blog\/educacion\/el-reto-de-la-inclusion-educativa-en-espana-avances-y-asignaturas-pendientes\/#respond"]}]},{"@type":"WebPage","@id":"https:\/\/www.micole.net\/blog\/educacion\/el-reto-de-la-inclusion-educativa-en-espana-avances-y-asignaturas-pendientes\/","url":"https:\/\/www.micole.net\/blog\/educacion\/el-reto-de-la-inclusion-educativa-en-espana-avances-y-asignaturas-pendientes\/","name":"El reto de la inclusi\u00f3n educativa en Espa\u00f1a: avances y asignaturas pendientes - Blog Micole","isPartOf":{"@id":"https:\/\/www.micole.net\/blog\/#website"},"primaryImageOfPage":{"@id":"https:\/\/www.micole.net\/blog\/educacion\/el-reto-de-la-inclusion-educativa-en-espana-avances-y-asignaturas-pendientes\/#primaryimage"},"image":{"@id":"https:\/\/www.micole.net\/blog\/educacion\/el-reto-de-la-inclusion-educativa-en-espana-avances-y-asignaturas-pendientes\/#primaryimage"},"thumbnailUrl":"https:\/\/www.micole.net\/blog\/wp-content\/uploads\/2026\/04\/edu-participacion.jpg","datePublished":"2026-03-11T09:45:00+00:00","dateModified":"2026-04-24T18:20:15+00:00","breadcrumb":{"@id":"https:\/\/www.micole.net\/blog\/educacion\/el-reto-de-la-inclusion-educativa-en-espana-avances-y-asignaturas-pendientes\/#breadcrumb"},"inLanguage":"es","potentialAction":[{"@type":"ReadAction","target":["https:\/\/www.micole.net\/blog\/educacion\/el-reto-de-la-inclusion-educativa-en-espana-avances-y-asignaturas-pendientes\/"]}]},{"@type":"ImageObject","inLanguage":"es","@id":"https:\/\/www.micole.net\/blog\/educacion\/el-reto-de-la-inclusion-educativa-en-espana-avances-y-asignaturas-pendientes\/#primaryimage","url":"https:\/\/www.micole.net\/blog\/wp-content\/uploads\/2026\/04\/edu-participacion.jpg","contentUrl":"https:\/\/www.micole.net\/blog\/wp-content\/uploads\/2026\/04\/edu-participacion.jpg","width":420,"height":560},{"@type":"BreadcrumbList","@id":"https:\/\/www.micole.net\/blog\/educacion\/el-reto-de-la-inclusion-educativa-en-espana-avances-y-asignaturas-pendientes\/#breadcrumb","itemListElement":[{"@type":"ListItem","position":1,"name":"Portada","item":"https:\/\/www.micole.net\/blog\/"},{"@type":"ListItem","position":2,"name":"El reto de la inclusi\u00f3n educativa en Espa\u00f1a: avances y asignaturas pendientes"}]},{"@type":"WebSite","@id":"https:\/\/www.micole.net\/blog\/#website","url":"https:\/\/www.micole.net\/blog\/","name":"Blog Micole","description":"En el Blog de Micole encontrar\u00e1s contenido y recursos relacionados con la educaci\u00f3n y la crianza de los hijos","publisher":{"@id":"https:\/\/www.micole.net\/blog\/#organization"},"potentialAction":[{"@type":"SearchAction","target":{"@type":"EntryPoint","urlTemplate":"https:\/\/www.micole.net\/blog\/?s={search_term_string}"},"query-input":{"@type":"PropertyValueSpecification","valueRequired":true,"valueName":"search_term_string"}}],"inLanguage":"es"},{"@type":"Organization","@id":"https:\/\/www.micole.net\/blog\/#organization","name":"Micole","url":"https:\/\/www.micole.net\/blog\/","logo":{"@type":"ImageObject","inLanguage":"es","@id":"https:\/\/www.micole.net\/blog\/#\/schema\/logo\/image\/","url":"https:\/\/www.micole.net\/blog\/wp-content\/uploads\/2019\/12\/logo.png","contentUrl":"https:\/\/www.micole.net\/blog\/wp-content\/uploads\/2019\/12\/logo.png","width":1200,"height":1200,"caption":"Micole"},"image":{"@id":"https:\/\/www.micole.net\/blog\/#\/schema\/logo\/image\/"},"sameAs":["https:\/\/www.facebook.com\/micoleoficial\/","https:\/\/www.instagram.com\/micoleoficial\/"]},{"@type":"Person","@id":"https:\/\/www.micole.net\/blog\/#\/schema\/person\/861e4d9a8ce4499d9c106c2ac39f8951","name":"El equipo de Micole","image":{"@type":"ImageObject","inLanguage":"es","@id":"https:\/\/www.micole.net\/blog\/#\/schema\/person\/image\/","url":"https:\/\/secure.gravatar.com\/avatar\/1cd164d7ed5bce011a362aac715fce0d7731ec230263bea587c3176ae3cf4290?s=96&d=mm&r=g","contentUrl":"https:\/\/secure.gravatar.com\/avatar\/1cd164d7ed5bce011a362aac715fce0d7731ec230263bea587c3176ae3cf4290?s=96&d=mm&r=g","caption":"El equipo de Micole"}}]}},"_links":{"self":[{"href":"https:\/\/www.micole.net\/blog\/wp-json\/wp\/v2\/posts\/7365","targetHints":{"allow":["GET"]}}],"collection":[{"href":"https:\/\/www.micole.net\/blog\/wp-json\/wp\/v2\/posts"}],"about":[{"href":"https:\/\/www.micole.net\/blog\/wp-json\/wp\/v2\/types\/post"}],"author":[{"embeddable":true,"href":"https:\/\/www.micole.net\/blog\/wp-json\/wp\/v2\/users\/1"}],"replies":[{"embeddable":true,"href":"https:\/\/www.micole.net\/blog\/wp-json\/wp\/v2\/comments?post=7365"}],"version-history":[{"count":2,"href":"https:\/\/www.micole.net\/blog\/wp-json\/wp\/v2\/posts\/7365\/revisions"}],"predecessor-version":[{"id":9493,"href":"https:\/\/www.micole.net\/blog\/wp-json\/wp\/v2\/posts\/7365\/revisions\/9493"}],"wp:featuredmedia":[{"embeddable":true,"href":"https:\/\/www.micole.net\/blog\/wp-json\/wp\/v2\/media\/9265"}],"wp:attachment":[{"href":"https:\/\/www.micole.net\/blog\/wp-json\/wp\/v2\/media?parent=7365"}],"wp:term":[{"taxonomy":"category","embeddable":true,"href":"https:\/\/www.micole.net\/blog\/wp-json\/wp\/v2\/categories?post=7365"},{"taxonomy":"post_tag","embeddable":true,"href":"https:\/\/www.micole.net\/blog\/wp-json\/wp\/v2\/tags?post=7365"}],"curies":[{"name":"wp","href":"https:\/\/api.w.org\/{rel}","templated":true}]}}