{"id":7362,"date":"2026-03-11T10:00:00","date_gmt":"2026-03-11T09:00:00","guid":{"rendered":"https:\/\/www.micole.net\/blog\/?p=7362"},"modified":"2026-04-24T20:20:32","modified_gmt":"2026-04-24T18:20:32","slug":"sostenibilidad-y-educacion-ambiental-en-los-colegios-formar-ciudadanos-responsables","status":"publish","type":"post","link":"https:\/\/www.micole.net\/blog\/educacion\/sostenibilidad-y-educacion-ambiental-en-los-colegios-formar-ciudadanos-responsables\/","title":{"rendered":"Sostenibilidad y educaci\u00f3n ambiental en los colegios: formar ciudadanos responsables"},"content":{"rendered":"\n<figure style=\"margin:0 0 24px 0;border-radius:10px;overflow:hidden;\">\n<img decoding=\"async\" src=\"https:\/\/www.micole.net\/blog\/wp-content\/uploads\/2026\/04\/school-ninos-aula.jpg\" alt=\"\" loading=\"eager\" style=\"width:100%;height:460px;object-fit:cover;display:block;border-radius:10px;\" \/>\n<\/figure>\n\n\n<h2>Por qu\u00e9 la educaci\u00f3n ambiental es urgente<\/h2><p>El cambio clim\u00e1tico, la p\u00e9rdida de biodiversidad y la contaminaci\u00f3n son desaf\u00edos que definir\u00e1n el futuro de las generaciones que hoy se sientan en las aulas. Integrar la sostenibilidad en la educaci\u00f3n no es una moda pasajera, sino una necesidad. Los colegios que incorporan la educaci\u00f3n ambiental de forma transversal preparan a sus alumnos para tomar decisiones informadas como ciudadanos y como profesionales.<\/p><h2>M\u00e1s all\u00e1 del reciclaje: una visi\u00f3n integral<\/h2><p>La educaci\u00f3n ambiental en los colegios no deber\u00eda limitarse a separar residuos o celebrar el D\u00eda de la Tierra. Una visi\u00f3n integral conecta la sostenibilidad con todas las materias: la estad\u00edstica sirve para analizar datos clim\u00e1ticos, la geograf\u00eda para entender ecosistemas amenazados, la econom\u00eda para comprender el impacto del consumo, y la \u00e9tica para debatir sobre responsabilidad intergeneracional.<\/p><h2>Proyectos que funcionan en los centros escolares<\/h2><p>Los huertos escolares ense\u00f1an biolog\u00eda, paciencia y trabajo en equipo. Las auditor\u00edas energ\u00e9ticas del propio colegio convierten a los alumnos en investigadores de su entorno. Los programas de compostaje transforman los residuos del comedor en abono para el jard\u00edn. Los proyectos de medici\u00f3n de la calidad del aire conectan ciencia y salud p\u00fablica. Estas iniciativas tienen en com\u00fan que el aprendizaje surge de la acci\u00f3n, no solo de los libros.<\/p><h2>Sellos y certificaciones ambientales para colegios<\/h2><p>Programas como Ecoescuelas, Escuelas por la Sostenibilidad o la certificaci\u00f3n LEED para edificios educativos ofrecen marcos de referencia para los centros que quieren avanzar en esta direcci\u00f3n. Obtener un sello ambiental supone un proceso de mejora continua que involucra a toda la comunidad educativa y genera un compromiso compartido.<\/p><h2>El papel de las familias<\/h2><p>La educaci\u00f3n ambiental pierde fuerza si no se refuerza en casa. Los colegios que implican a las familias en sus proyectos de sostenibilidad logran un impacto mayor y m\u00e1s duradero. Talleres para padres, jornadas de voluntariado ambiental y comunicaci\u00f3n regular sobre las iniciativas del centro ayudan a construir una cultura de sostenibilidad compartida.<\/p><h2>C\u00f3mo elegir un colegio comprometido con el medio ambiente<\/h2><p>Pregunta por las iniciativas ambientales concretas del centro, observa si el edificio incorpora elementos sostenibles (paneles solares, gesti\u00f3n de agua, iluminaci\u00f3n natural), consulta si la educaci\u00f3n ambiental forma parte del curr\u00edculo de forma transversal y averigua si el colegio participa en programas de certificaci\u00f3n ambiental. Las respuestas te dir\u00e1n mucho sobre la coherencia entre el discurso y la pr\u00e1ctica del centro.<\/p>\n\n<p>Para orientarte, puedes consultar la ficha de centros como <a href=\"https:\/\/www.micole.net\/barcelona\/barcelona\/colegio-sant-ferran\">Colegio Sant Ferran<\/a> o <a href=\"https:\/\/www.micole.net\/sevilla\/tomares\/colegio-bilingue-al-andalus-2000\">Colegio Biling\u00fce Al-\u00c1ndalus 2000<\/a>, que pueden servir de referencia al comparar opciones.<\/p>\n\n\n<p class=\"micole-cta-pais\">\u00bfBuscas colegio en Espa\u00f1a? Consulta nuestro <a href=\"https:\/\/www.micole.net\/es\/\" title=\"Colegios en Espa\u00f1a\">directorio de colegios en Espa\u00f1a<\/a> y encuentra el centro educativo ideal para tu hijo.<\/p>\n","protected":false},"excerpt":{"rendered":"<p>La educaci\u00f3n ambiental y la sostenibilidad en los colegios: proyectos que funcionan, certificaciones y c\u00f3mo elegir un centro comprometido con el medio ambiente.<\/p>\n","protected":false},"author":1,"featured_media":9260,"comment_status":"open","ping_status":"open","sticky":false,"template":"","format":"standard","meta":{"content-type":"","sfsi_plus_gutenberg_text_before_share":"","sfsi_plus_gutenberg_show_text_before_share":"","sfsi_plus_gutenberg_icon_type":"","sfsi_plus_gutenberg_icon_alignemt":"","sfsi_plus_gutenburg_max_per_row":"","site-sidebar-layout":"default","site-content-layout":"","ast-site-content-layout":"","site-content-style":"default","site-sidebar-style":"default","ast-global-header-display":"","ast-banner-title-visibility":"","ast-main-header-display":"","ast-hfb-above-header-display":"","ast-hfb-below-header-display":"","ast-hfb-mobile-header-display":"","site-post-title":"","ast-breadcrumbs-content":"","ast-featured-img":"","footer-sml-layout":"","theme-transparent-header-meta":"","adv-header-id-meta":"","stick-header-meta":"","header-above-stick-meta":"","header-main-stick-meta":"","header-below-stick-meta":"","astra-migrate-meta-layouts":"","footnotes":""},"categories":[61,128],"tags":[],"class_list":["post-7362","post","type-post","status-publish","format-standard","has-post-thumbnail","hentry","category-educacion","category-recomendaciones-para-familias"],"yoast_head":"<!-- This site is optimized with the Yoast SEO plugin v26.9 - https:\/\/yoast.com\/product\/yoast-seo-wordpress\/ -->\n<title>Sostenibilidad y educaci\u00f3n ambiental en los colegios: formar ciudadanos responsables - Blog Micole<\/title>\n<meta name=\"robots\" content=\"index, follow, max-snippet:-1, max-image-preview:large, max-video-preview:-1\" \/>\n<link rel=\"canonical\" href=\"https:\/\/www.micole.net\/blog\/educacion\/sostenibilidad-y-educacion-ambiental-en-los-colegios-formar-ciudadanos-responsables\/\" \/>\n<meta property=\"og:locale\" content=\"es_ES\" \/>\n<meta property=\"og:type\" content=\"article\" \/>\n<meta property=\"og:title\" content=\"Sostenibilidad y educaci\u00f3n ambiental en los colegios: formar ciudadanos responsables - Blog Micole\" \/>\n<meta property=\"og:description\" content=\"La educaci\u00f3n ambiental y la sostenibilidad en los colegios: proyectos que funcionan, certificaciones y c\u00f3mo elegir un centro comprometido con el medio ambiente.\" \/>\n<meta property=\"og:url\" content=\"https:\/\/www.micole.net\/blog\/educacion\/sostenibilidad-y-educacion-ambiental-en-los-colegios-formar-ciudadanos-responsables\/\" \/>\n<meta property=\"og:site_name\" content=\"Blog Micole\" \/>\n<meta property=\"article:publisher\" content=\"https:\/\/www.facebook.com\/micoleoficial\/\" \/>\n<meta property=\"article:published_time\" content=\"2026-03-11T09:00:00+00:00\" \/>\n<meta property=\"article:modified_time\" content=\"2026-04-24T18:20:32+00:00\" \/>\n<meta property=\"og:image\" content=\"https:\/\/www.micole.net\/blog\/wp-content\/uploads\/2026\/04\/school-ninos-aula.jpg\" \/>\n\t<meta property=\"og:image:width\" content=\"750\" \/>\n\t<meta property=\"og:image:height\" content=\"500\" \/>\n\t<meta property=\"og:image:type\" content=\"image\/jpeg\" \/>\n<meta name=\"author\" content=\"El equipo de Micole\" \/>\n<meta name=\"twitter:card\" content=\"summary_large_image\" \/>\n<meta name=\"twitter:label1\" content=\"Escrito por\" \/>\n\t<meta name=\"twitter:data1\" content=\"El equipo de Micole\" \/>\n\t<meta name=\"twitter:label2\" content=\"Tiempo de lectura\" \/>\n\t<meta name=\"twitter:data2\" content=\"2 minutos\" \/>\n<script type=\"application\/ld+json\" class=\"yoast-schema-graph\">{\"@context\":\"https:\/\/schema.org\",\"@graph\":[{\"@type\":\"Article\",\"@id\":\"https:\/\/www.micole.net\/blog\/educacion\/sostenibilidad-y-educacion-ambiental-en-los-colegios-formar-ciudadanos-responsables\/#article\",\"isPartOf\":{\"@id\":\"https:\/\/www.micole.net\/blog\/educacion\/sostenibilidad-y-educacion-ambiental-en-los-colegios-formar-ciudadanos-responsables\/\"},\"author\":{\"name\":\"El equipo de Micole\",\"@id\":\"https:\/\/www.micole.net\/blog\/#\/schema\/person\/861e4d9a8ce4499d9c106c2ac39f8951\"},\"headline\":\"Sostenibilidad y educaci\u00f3n ambiental en los colegios: formar ciudadanos responsables\",\"datePublished\":\"2026-03-11T09:00:00+00:00\",\"dateModified\":\"2026-04-24T18:20:32+00:00\",\"mainEntityOfPage\":{\"@id\":\"https:\/\/www.micole.net\/blog\/educacion\/sostenibilidad-y-educacion-ambiental-en-los-colegios-formar-ciudadanos-responsables\/\"},\"wordCount\":494,\"commentCount\":0,\"publisher\":{\"@id\":\"https:\/\/www.micole.net\/blog\/#organization\"},\"image\":{\"@id\":\"https:\/\/www.micole.net\/blog\/educacion\/sostenibilidad-y-educacion-ambiental-en-los-colegios-formar-ciudadanos-responsables\/#primaryimage\"},\"thumbnailUrl\":\"https:\/\/www.micole.net\/blog\/wp-content\/uploads\/2026\/04\/school-ninos-aula.jpg\",\"articleSection\":[\"Educaci\u00f3n\",\"Recomendaciones para familias\"],\"inLanguage\":\"es\",\"potentialAction\":[{\"@type\":\"CommentAction\",\"name\":\"Comment\",\"target\":[\"https:\/\/www.micole.net\/blog\/educacion\/sostenibilidad-y-educacion-ambiental-en-los-colegios-formar-ciudadanos-responsables\/#respond\"]}]},{\"@type\":\"WebPage\",\"@id\":\"https:\/\/www.micole.net\/blog\/educacion\/sostenibilidad-y-educacion-ambiental-en-los-colegios-formar-ciudadanos-responsables\/\",\"url\":\"https:\/\/www.micole.net\/blog\/educacion\/sostenibilidad-y-educacion-ambiental-en-los-colegios-formar-ciudadanos-responsables\/\",\"name\":\"Sostenibilidad y educaci\u00f3n ambiental en los colegios: formar ciudadanos responsables - Blog Micole\",\"isPartOf\":{\"@id\":\"https:\/\/www.micole.net\/blog\/#website\"},\"primaryImageOfPage\":{\"@id\":\"https:\/\/www.micole.net\/blog\/educacion\/sostenibilidad-y-educacion-ambiental-en-los-colegios-formar-ciudadanos-responsables\/#primaryimage\"},\"image\":{\"@id\":\"https:\/\/www.micole.net\/blog\/educacion\/sostenibilidad-y-educacion-ambiental-en-los-colegios-formar-ciudadanos-responsables\/#primaryimage\"},\"thumbnailUrl\":\"https:\/\/www.micole.net\/blog\/wp-content\/uploads\/2026\/04\/school-ninos-aula.jpg\",\"datePublished\":\"2026-03-11T09:00:00+00:00\",\"dateModified\":\"2026-04-24T18:20:32+00:00\",\"breadcrumb\":{\"@id\":\"https:\/\/www.micole.net\/blog\/educacion\/sostenibilidad-y-educacion-ambiental-en-los-colegios-formar-ciudadanos-responsables\/#breadcrumb\"},\"inLanguage\":\"es\",\"potentialAction\":[{\"@type\":\"ReadAction\",\"target\":[\"https:\/\/www.micole.net\/blog\/educacion\/sostenibilidad-y-educacion-ambiental-en-los-colegios-formar-ciudadanos-responsables\/\"]}]},{\"@type\":\"ImageObject\",\"inLanguage\":\"es\",\"@id\":\"https:\/\/www.micole.net\/blog\/educacion\/sostenibilidad-y-educacion-ambiental-en-los-colegios-formar-ciudadanos-responsables\/#primaryimage\",\"url\":\"https:\/\/www.micole.net\/blog\/wp-content\/uploads\/2026\/04\/school-ninos-aula.jpg\",\"contentUrl\":\"https:\/\/www.micole.net\/blog\/wp-content\/uploads\/2026\/04\/school-ninos-aula.jpg\",\"width\":750,\"height\":500,\"caption\":\"Ni\u00f1os en el aula\"},{\"@type\":\"BreadcrumbList\",\"@id\":\"https:\/\/www.micole.net\/blog\/educacion\/sostenibilidad-y-educacion-ambiental-en-los-colegios-formar-ciudadanos-responsables\/#breadcrumb\",\"itemListElement\":[{\"@type\":\"ListItem\",\"position\":1,\"name\":\"Portada\",\"item\":\"https:\/\/www.micole.net\/blog\/\"},{\"@type\":\"ListItem\",\"position\":2,\"name\":\"Sostenibilidad y educaci\u00f3n ambiental en los colegios: formar ciudadanos responsables\"}]},{\"@type\":\"WebSite\",\"@id\":\"https:\/\/www.micole.net\/blog\/#website\",\"url\":\"https:\/\/www.micole.net\/blog\/\",\"name\":\"Blog Micole\",\"description\":\"En el Blog de Micole encontrar\u00e1s contenido y recursos relacionados con la educaci\u00f3n y la crianza de los hijos\",\"publisher\":{\"@id\":\"https:\/\/www.micole.net\/blog\/#organization\"},\"potentialAction\":[{\"@type\":\"SearchAction\",\"target\":{\"@type\":\"EntryPoint\",\"urlTemplate\":\"https:\/\/www.micole.net\/blog\/?s={search_term_string}\"},\"query-input\":{\"@type\":\"PropertyValueSpecification\",\"valueRequired\":true,\"valueName\":\"search_term_string\"}}],\"inLanguage\":\"es\"},{\"@type\":\"Organization\",\"@id\":\"https:\/\/www.micole.net\/blog\/#organization\",\"name\":\"Micole\",\"url\":\"https:\/\/www.micole.net\/blog\/\",\"logo\":{\"@type\":\"ImageObject\",\"inLanguage\":\"es\",\"@id\":\"https:\/\/www.micole.net\/blog\/#\/schema\/logo\/image\/\",\"url\":\"https:\/\/www.micole.net\/blog\/wp-content\/uploads\/2019\/12\/logo.png\",\"contentUrl\":\"https:\/\/www.micole.net\/blog\/wp-content\/uploads\/2019\/12\/logo.png\",\"width\":1200,\"height\":1200,\"caption\":\"Micole\"},\"image\":{\"@id\":\"https:\/\/www.micole.net\/blog\/#\/schema\/logo\/image\/\"},\"sameAs\":[\"https:\/\/www.facebook.com\/micoleoficial\/\",\"https:\/\/www.instagram.com\/micoleoficial\/\"]},{\"@type\":\"Person\",\"@id\":\"https:\/\/www.micole.net\/blog\/#\/schema\/person\/861e4d9a8ce4499d9c106c2ac39f8951\",\"name\":\"El equipo de Micole\",\"image\":{\"@type\":\"ImageObject\",\"inLanguage\":\"es\",\"@id\":\"https:\/\/www.micole.net\/blog\/#\/schema\/person\/image\/\",\"url\":\"https:\/\/secure.gravatar.com\/avatar\/1cd164d7ed5bce011a362aac715fce0d7731ec230263bea587c3176ae3cf4290?s=96&d=mm&r=g\",\"contentUrl\":\"https:\/\/secure.gravatar.com\/avatar\/1cd164d7ed5bce011a362aac715fce0d7731ec230263bea587c3176ae3cf4290?s=96&d=mm&r=g\",\"caption\":\"El equipo de Micole\"}}]}<\/script>\n<!-- \/ Yoast SEO plugin. -->","yoast_head_json":{"title":"Sostenibilidad y educaci\u00f3n ambiental en los colegios: formar ciudadanos responsables - Blog Micole","robots":{"index":"index","follow":"follow","max-snippet":"max-snippet:-1","max-image-preview":"max-image-preview:large","max-video-preview":"max-video-preview:-1"},"canonical":"https:\/\/www.micole.net\/blog\/educacion\/sostenibilidad-y-educacion-ambiental-en-los-colegios-formar-ciudadanos-responsables\/","og_locale":"es_ES","og_type":"article","og_title":"Sostenibilidad y educaci\u00f3n ambiental en los colegios: formar ciudadanos responsables - Blog Micole","og_description":"La educaci\u00f3n ambiental y la sostenibilidad en los colegios: proyectos que funcionan, certificaciones y c\u00f3mo elegir un centro comprometido con el medio ambiente.","og_url":"https:\/\/www.micole.net\/blog\/educacion\/sostenibilidad-y-educacion-ambiental-en-los-colegios-formar-ciudadanos-responsables\/","og_site_name":"Blog Micole","article_publisher":"https:\/\/www.facebook.com\/micoleoficial\/","article_published_time":"2026-03-11T09:00:00+00:00","article_modified_time":"2026-04-24T18:20:32+00:00","og_image":[{"width":750,"height":500,"url":"https:\/\/www.micole.net\/blog\/wp-content\/uploads\/2026\/04\/school-ninos-aula.jpg","type":"image\/jpeg"}],"author":"El equipo de Micole","twitter_card":"summary_large_image","twitter_misc":{"Escrito por":"El equipo de Micole","Tiempo de lectura":"2 minutos"},"schema":{"@context":"https:\/\/schema.org","@graph":[{"@type":"Article","@id":"https:\/\/www.micole.net\/blog\/educacion\/sostenibilidad-y-educacion-ambiental-en-los-colegios-formar-ciudadanos-responsables\/#article","isPartOf":{"@id":"https:\/\/www.micole.net\/blog\/educacion\/sostenibilidad-y-educacion-ambiental-en-los-colegios-formar-ciudadanos-responsables\/"},"author":{"name":"El equipo de Micole","@id":"https:\/\/www.micole.net\/blog\/#\/schema\/person\/861e4d9a8ce4499d9c106c2ac39f8951"},"headline":"Sostenibilidad y educaci\u00f3n ambiental en los colegios: formar ciudadanos responsables","datePublished":"2026-03-11T09:00:00+00:00","dateModified":"2026-04-24T18:20:32+00:00","mainEntityOfPage":{"@id":"https:\/\/www.micole.net\/blog\/educacion\/sostenibilidad-y-educacion-ambiental-en-los-colegios-formar-ciudadanos-responsables\/"},"wordCount":494,"commentCount":0,"publisher":{"@id":"https:\/\/www.micole.net\/blog\/#organization"},"image":{"@id":"https:\/\/www.micole.net\/blog\/educacion\/sostenibilidad-y-educacion-ambiental-en-los-colegios-formar-ciudadanos-responsables\/#primaryimage"},"thumbnailUrl":"https:\/\/www.micole.net\/blog\/wp-content\/uploads\/2026\/04\/school-ninos-aula.jpg","articleSection":["Educaci\u00f3n","Recomendaciones para familias"],"inLanguage":"es","potentialAction":[{"@type":"CommentAction","name":"Comment","target":["https:\/\/www.micole.net\/blog\/educacion\/sostenibilidad-y-educacion-ambiental-en-los-colegios-formar-ciudadanos-responsables\/#respond"]}]},{"@type":"WebPage","@id":"https:\/\/www.micole.net\/blog\/educacion\/sostenibilidad-y-educacion-ambiental-en-los-colegios-formar-ciudadanos-responsables\/","url":"https:\/\/www.micole.net\/blog\/educacion\/sostenibilidad-y-educacion-ambiental-en-los-colegios-formar-ciudadanos-responsables\/","name":"Sostenibilidad y educaci\u00f3n ambiental en los colegios: formar ciudadanos responsables - Blog Micole","isPartOf":{"@id":"https:\/\/www.micole.net\/blog\/#website"},"primaryImageOfPage":{"@id":"https:\/\/www.micole.net\/blog\/educacion\/sostenibilidad-y-educacion-ambiental-en-los-colegios-formar-ciudadanos-responsables\/#primaryimage"},"image":{"@id":"https:\/\/www.micole.net\/blog\/educacion\/sostenibilidad-y-educacion-ambiental-en-los-colegios-formar-ciudadanos-responsables\/#primaryimage"},"thumbnailUrl":"https:\/\/www.micole.net\/blog\/wp-content\/uploads\/2026\/04\/school-ninos-aula.jpg","datePublished":"2026-03-11T09:00:00+00:00","dateModified":"2026-04-24T18:20:32+00:00","breadcrumb":{"@id":"https:\/\/www.micole.net\/blog\/educacion\/sostenibilidad-y-educacion-ambiental-en-los-colegios-formar-ciudadanos-responsables\/#breadcrumb"},"inLanguage":"es","potentialAction":[{"@type":"ReadAction","target":["https:\/\/www.micole.net\/blog\/educacion\/sostenibilidad-y-educacion-ambiental-en-los-colegios-formar-ciudadanos-responsables\/"]}]},{"@type":"ImageObject","inLanguage":"es","@id":"https:\/\/www.micole.net\/blog\/educacion\/sostenibilidad-y-educacion-ambiental-en-los-colegios-formar-ciudadanos-responsables\/#primaryimage","url":"https:\/\/www.micole.net\/blog\/wp-content\/uploads\/2026\/04\/school-ninos-aula.jpg","contentUrl":"https:\/\/www.micole.net\/blog\/wp-content\/uploads\/2026\/04\/school-ninos-aula.jpg","width":750,"height":500,"caption":"Ni\u00f1os en el aula"},{"@type":"BreadcrumbList","@id":"https:\/\/www.micole.net\/blog\/educacion\/sostenibilidad-y-educacion-ambiental-en-los-colegios-formar-ciudadanos-responsables\/#breadcrumb","itemListElement":[{"@type":"ListItem","position":1,"name":"Portada","item":"https:\/\/www.micole.net\/blog\/"},{"@type":"ListItem","position":2,"name":"Sostenibilidad y educaci\u00f3n ambiental en los colegios: formar ciudadanos responsables"}]},{"@type":"WebSite","@id":"https:\/\/www.micole.net\/blog\/#website","url":"https:\/\/www.micole.net\/blog\/","name":"Blog Micole","description":"En el Blog de Micole encontrar\u00e1s contenido y recursos relacionados con la educaci\u00f3n y la crianza de los hijos","publisher":{"@id":"https:\/\/www.micole.net\/blog\/#organization"},"potentialAction":[{"@type":"SearchAction","target":{"@type":"EntryPoint","urlTemplate":"https:\/\/www.micole.net\/blog\/?s={search_term_string}"},"query-input":{"@type":"PropertyValueSpecification","valueRequired":true,"valueName":"search_term_string"}}],"inLanguage":"es"},{"@type":"Organization","@id":"https:\/\/www.micole.net\/blog\/#organization","name":"Micole","url":"https:\/\/www.micole.net\/blog\/","logo":{"@type":"ImageObject","inLanguage":"es","@id":"https:\/\/www.micole.net\/blog\/#\/schema\/logo\/image\/","url":"https:\/\/www.micole.net\/blog\/wp-content\/uploads\/2019\/12\/logo.png","contentUrl":"https:\/\/www.micole.net\/blog\/wp-content\/uploads\/2019\/12\/logo.png","width":1200,"height":1200,"caption":"Micole"},"image":{"@id":"https:\/\/www.micole.net\/blog\/#\/schema\/logo\/image\/"},"sameAs":["https:\/\/www.facebook.com\/micoleoficial\/","https:\/\/www.instagram.com\/micoleoficial\/"]},{"@type":"Person","@id":"https:\/\/www.micole.net\/blog\/#\/schema\/person\/861e4d9a8ce4499d9c106c2ac39f8951","name":"El equipo de Micole","image":{"@type":"ImageObject","inLanguage":"es","@id":"https:\/\/www.micole.net\/blog\/#\/schema\/person\/image\/","url":"https:\/\/secure.gravatar.com\/avatar\/1cd164d7ed5bce011a362aac715fce0d7731ec230263bea587c3176ae3cf4290?s=96&d=mm&r=g","contentUrl":"https:\/\/secure.gravatar.com\/avatar\/1cd164d7ed5bce011a362aac715fce0d7731ec230263bea587c3176ae3cf4290?s=96&d=mm&r=g","caption":"El equipo de Micole"}}]}},"_links":{"self":[{"href":"https:\/\/www.micole.net\/blog\/wp-json\/wp\/v2\/posts\/7362","targetHints":{"allow":["GET"]}}],"collection":[{"href":"https:\/\/www.micole.net\/blog\/wp-json\/wp\/v2\/posts"}],"about":[{"href":"https:\/\/www.micole.net\/blog\/wp-json\/wp\/v2\/types\/post"}],"author":[{"embeddable":true,"href":"https:\/\/www.micole.net\/blog\/wp-json\/wp\/v2\/users\/1"}],"replies":[{"embeddable":true,"href":"https:\/\/www.micole.net\/blog\/wp-json\/wp\/v2\/comments?post=7362"}],"version-history":[{"count":2,"href":"https:\/\/www.micole.net\/blog\/wp-json\/wp\/v2\/posts\/7362\/revisions"}],"predecessor-version":[{"id":9496,"href":"https:\/\/www.micole.net\/blog\/wp-json\/wp\/v2\/posts\/7362\/revisions\/9496"}],"wp:featuredmedia":[{"embeddable":true,"href":"https:\/\/www.micole.net\/blog\/wp-json\/wp\/v2\/media\/9260"}],"wp:attachment":[{"href":"https:\/\/www.micole.net\/blog\/wp-json\/wp\/v2\/media?parent=7362"}],"wp:term":[{"taxonomy":"category","embeddable":true,"href":"https:\/\/www.micole.net\/blog\/wp-json\/wp\/v2\/categories?post=7362"},{"taxonomy":"post_tag","embeddable":true,"href":"https:\/\/www.micole.net\/blog\/wp-json\/wp\/v2\/tags?post=7362"}],"curies":[{"name":"wp","href":"https:\/\/api.w.org\/{rel}","templated":true}]}}