{"id":7361,"date":"2026-03-11T09:45:00","date_gmt":"2026-03-11T08:45:00","guid":{"rendered":"https:\/\/www.micole.net\/blog\/?p=7361"},"modified":"2026-04-24T20:20:34","modified_gmt":"2026-04-24T18:20:34","slug":"inteligencias-multiples-en-el-aula-como-aplicar-la-teoria-de-gardner","status":"publish","type":"post","link":"https:\/\/www.micole.net\/blog\/educacion\/inteligencias-multiples-en-el-aula-como-aplicar-la-teoria-de-gardner\/","title":{"rendered":"Inteligencias m\u00faltiples en el aula: c\u00f3mo aplicar la teor\u00eda de Gardner"},"content":{"rendered":"\n<figure style=\"margin:0 0 24px 0;border-radius:10px;overflow:hidden;\">\n<img decoding=\"async\" src=\"https:\/\/www.micole.net\/blog\/wp-content\/uploads\/2026\/04\/school-ninos-aula.jpg\" alt=\"\" loading=\"eager\" style=\"width:100%;height:460px;object-fit:cover;display:block;border-radius:10px;\" \/>\n<\/figure>\n\n\n<h2>La teor\u00eda de las inteligencias m\u00faltiples<\/h2><p>Howard Gardner propuso en 1983 que la inteligencia no es una capacidad \u00fanica y monol\u00edtica, sino un conjunto de habilidades diferenciadas. Su teor\u00eda identifica ocho tipos de inteligencia: ling\u00fc\u00edstica, l\u00f3gico-matem\u00e1tica, espacial, musical, corporal-cinest\u00e9sica, interpersonal, intrapersonal y naturalista. Esta visi\u00f3n transform\u00f3 la manera en que muchos educadores entienden el aprendizaje y la evaluaci\u00f3n.<\/p><h2>Por qu\u00e9 importa en educaci\u00f3n<\/h2><p>El sistema educativo tradicional tiende a privilegiar la inteligencia ling\u00fc\u00edstica y la l\u00f3gico-matem\u00e1tica, dejando en desventaja a alumnos cuyas fortalezas se encuentran en otras \u00e1reas. Reconocer las inteligencias m\u00faltiples permite dise\u00f1ar experiencias de aprendizaje m\u00e1s inclusivas, donde cada estudiante puede conectar con el contenido desde sus capacidades m\u00e1s desarrolladas.<\/p><h2>C\u00f3mo identificar las inteligencias de cada alumno<\/h2><p>Los docentes pueden observar las preferencias naturales de sus alumnos: qui\u00e9n disfruta dibujando, qui\u00e9n necesita moverse para concentrarse, qui\u00e9n resuelve mejor los problemas en grupo. No se trata de etiquetar a los ni\u00f1os, sino de comprender sus diferentes v\u00edas de acceso al conocimiento. Existen herramientas de observaci\u00f3n y cuestionarios adaptados por edad que pueden orientar esta identificaci\u00f3n.<\/p><h2>Estrategias pr\u00e1cticas por tipo de inteligencia<\/h2><p>Para la inteligencia ling\u00fc\u00edstica: debates, diarios de aprendizaje y narraci\u00f3n de historias. Para la l\u00f3gico-matem\u00e1tica: resoluci\u00f3n de problemas, clasificaciones y juegos de estrategia. Para la espacial: mapas mentales, infograf\u00edas y construcciones. Para la musical: ritmos para memorizar, canciones educativas. Para la corporal: teatro, experimentos manipulativos y juegos de rol. Para la interpersonal: trabajo cooperativo y tutor\u00edas entre iguales. Para la intrapersonal: reflexiones escritas y proyectos individuales. Para la naturalista: salidas al campo, huertos escolares y observaci\u00f3n del entorno.<\/p><h2>Evaluaci\u00f3n diversificada<\/h2><p>Si ense\u00f1amos de formas diversas, la evaluaci\u00f3n tambi\u00e9n debe serlo. Los portfolios, las presentaciones orales, los proyectos art\u00edsticos y las demostraciones pr\u00e1cticas permiten que cada alumno muestre lo que ha aprendido a trav\u00e9s del canal que le resulta m\u00e1s natural. Esto no significa rebajar las exigencias, sino ampliar las formas de demostrar el conocimiento.<\/p><h2>Cr\u00edticas y matices<\/h2><p>La teor\u00eda de Gardner no est\u00e1 exenta de cr\u00edticas desde la psicolog\u00eda cognitiva, que cuestiona la separaci\u00f3n r\u00edgida entre tipos de inteligencia. Sin embargo, su aportaci\u00f3n pr\u00e1ctica a la educaci\u00f3n es innegable: ha motivado a miles de docentes a diversificar sus metodolog\u00edas y a mirar a cada alumno como un individuo con un perfil de capacidades \u00fanico.<\/p>\n\n<p>Para orientarte, puedes consultar la ficha de centros como <a href=\"https:\/\/www.micole.net\/madrid\/alcorcon\/colegio-ceu-san-pablo-monteprincipe\">CEU San Pablo Montepr\u00edncipe<\/a> o <a href=\"https:\/\/www.micole.net\/barcelona\/sant-cugat-del-valles\/colegio-viaro\">Colegio Viaro<\/a>, que pueden servir de referencia al comparar opciones.<\/p>\n\n\n<p class=\"micole-cta-pais\">\u00bfBuscas colegio en Espa\u00f1a? Consulta nuestro <a href=\"https:\/\/www.micole.net\/es\/\" title=\"Colegios en Espa\u00f1a\">directorio de colegios en Espa\u00f1a<\/a> y encuentra el centro educativo ideal para tu hijo.<\/p>\n","protected":false},"excerpt":{"rendered":"<p>Aprende a aplicar la teor\u00eda de las inteligencias m\u00faltiples de Gardner en el aula. Estrategias pr\u00e1cticas, evaluaci\u00f3n diversificada y c\u00f3mo personalizar el aprendizaje.<\/p>\n","protected":false},"author":1,"featured_media":9260,"comment_status":"open","ping_status":"open","sticky":false,"template":"","format":"standard","meta":{"content-type":"","sfsi_plus_gutenberg_text_before_share":"","sfsi_plus_gutenberg_show_text_before_share":"","sfsi_plus_gutenberg_icon_type":"","sfsi_plus_gutenberg_icon_alignemt":"","sfsi_plus_gutenburg_max_per_row":"","site-sidebar-layout":"default","site-content-layout":"","ast-site-content-layout":"","site-content-style":"default","site-sidebar-style":"default","ast-global-header-display":"","ast-banner-title-visibility":"","ast-main-header-display":"","ast-hfb-above-header-display":"","ast-hfb-below-header-display":"","ast-hfb-mobile-header-display":"","site-post-title":"","ast-breadcrumbs-content":"","ast-featured-img":"","footer-sml-layout":"","theme-transparent-header-meta":"","adv-header-id-meta":"","stick-header-meta":"","header-above-stick-meta":"","header-main-stick-meta":"","header-below-stick-meta":"","astra-migrate-meta-layouts":"","footnotes":""},"categories":[61],"tags":[],"class_list":["post-7361","post","type-post","status-publish","format-standard","has-post-thumbnail","hentry","category-educacion"],"yoast_head":"<!-- This site is optimized with the Yoast SEO plugin v26.9 - https:\/\/yoast.com\/product\/yoast-seo-wordpress\/ -->\n<title>Inteligencias m\u00faltiples en el aula: c\u00f3mo aplicar la teor\u00eda de Gardner - Blog Micole<\/title>\n<meta name=\"robots\" content=\"index, follow, max-snippet:-1, max-image-preview:large, max-video-preview:-1\" \/>\n<link rel=\"canonical\" href=\"https:\/\/www.micole.net\/blog\/educacion\/inteligencias-multiples-en-el-aula-como-aplicar-la-teoria-de-gardner\/\" \/>\n<meta property=\"og:locale\" content=\"es_ES\" \/>\n<meta property=\"og:type\" content=\"article\" \/>\n<meta property=\"og:title\" content=\"Inteligencias m\u00faltiples en el aula: c\u00f3mo aplicar la teor\u00eda de Gardner - Blog Micole\" \/>\n<meta property=\"og:description\" content=\"Aprende a aplicar la teor\u00eda de las inteligencias m\u00faltiples de Gardner en el aula. Estrategias pr\u00e1cticas, evaluaci\u00f3n diversificada y c\u00f3mo personalizar el aprendizaje.\" \/>\n<meta property=\"og:url\" content=\"https:\/\/www.micole.net\/blog\/educacion\/inteligencias-multiples-en-el-aula-como-aplicar-la-teoria-de-gardner\/\" \/>\n<meta property=\"og:site_name\" content=\"Blog Micole\" \/>\n<meta property=\"article:publisher\" content=\"https:\/\/www.facebook.com\/micoleoficial\/\" \/>\n<meta property=\"article:published_time\" content=\"2026-03-11T08:45:00+00:00\" \/>\n<meta property=\"article:modified_time\" content=\"2026-04-24T18:20:34+00:00\" \/>\n<meta property=\"og:image\" content=\"https:\/\/www.micole.net\/blog\/wp-content\/uploads\/2026\/04\/school-ninos-aula.jpg\" \/>\n\t<meta property=\"og:image:width\" content=\"750\" \/>\n\t<meta property=\"og:image:height\" content=\"500\" \/>\n\t<meta property=\"og:image:type\" content=\"image\/jpeg\" \/>\n<meta name=\"author\" content=\"El equipo de Micole\" \/>\n<meta name=\"twitter:card\" content=\"summary_large_image\" \/>\n<meta name=\"twitter:label1\" content=\"Escrito por\" \/>\n\t<meta name=\"twitter:data1\" content=\"El equipo de Micole\" \/>\n\t<meta name=\"twitter:label2\" content=\"Tiempo de lectura\" \/>\n\t<meta name=\"twitter:data2\" content=\"2 minutos\" \/>\n<script type=\"application\/ld+json\" class=\"yoast-schema-graph\">{\"@context\":\"https:\/\/schema.org\",\"@graph\":[{\"@type\":\"Article\",\"@id\":\"https:\/\/www.micole.net\/blog\/educacion\/inteligencias-multiples-en-el-aula-como-aplicar-la-teoria-de-gardner\/#article\",\"isPartOf\":{\"@id\":\"https:\/\/www.micole.net\/blog\/educacion\/inteligencias-multiples-en-el-aula-como-aplicar-la-teoria-de-gardner\/\"},\"author\":{\"name\":\"El equipo de Micole\",\"@id\":\"https:\/\/www.micole.net\/blog\/#\/schema\/person\/861e4d9a8ce4499d9c106c2ac39f8951\"},\"headline\":\"Inteligencias m\u00faltiples en el aula: c\u00f3mo aplicar la teor\u00eda de Gardner\",\"datePublished\":\"2026-03-11T08:45:00+00:00\",\"dateModified\":\"2026-04-24T18:20:34+00:00\",\"mainEntityOfPage\":{\"@id\":\"https:\/\/www.micole.net\/blog\/educacion\/inteligencias-multiples-en-el-aula-como-aplicar-la-teoria-de-gardner\/\"},\"wordCount\":489,\"commentCount\":0,\"publisher\":{\"@id\":\"https:\/\/www.micole.net\/blog\/#organization\"},\"image\":{\"@id\":\"https:\/\/www.micole.net\/blog\/educacion\/inteligencias-multiples-en-el-aula-como-aplicar-la-teoria-de-gardner\/#primaryimage\"},\"thumbnailUrl\":\"https:\/\/www.micole.net\/blog\/wp-content\/uploads\/2026\/04\/school-ninos-aula.jpg\",\"articleSection\":[\"Educaci\u00f3n\"],\"inLanguage\":\"es\",\"potentialAction\":[{\"@type\":\"CommentAction\",\"name\":\"Comment\",\"target\":[\"https:\/\/www.micole.net\/blog\/educacion\/inteligencias-multiples-en-el-aula-como-aplicar-la-teoria-de-gardner\/#respond\"]}]},{\"@type\":\"WebPage\",\"@id\":\"https:\/\/www.micole.net\/blog\/educacion\/inteligencias-multiples-en-el-aula-como-aplicar-la-teoria-de-gardner\/\",\"url\":\"https:\/\/www.micole.net\/blog\/educacion\/inteligencias-multiples-en-el-aula-como-aplicar-la-teoria-de-gardner\/\",\"name\":\"Inteligencias m\u00faltiples en el aula: c\u00f3mo aplicar la teor\u00eda de Gardner - Blog Micole\",\"isPartOf\":{\"@id\":\"https:\/\/www.micole.net\/blog\/#website\"},\"primaryImageOfPage\":{\"@id\":\"https:\/\/www.micole.net\/blog\/educacion\/inteligencias-multiples-en-el-aula-como-aplicar-la-teoria-de-gardner\/#primaryimage\"},\"image\":{\"@id\":\"https:\/\/www.micole.net\/blog\/educacion\/inteligencias-multiples-en-el-aula-como-aplicar-la-teoria-de-gardner\/#primaryimage\"},\"thumbnailUrl\":\"https:\/\/www.micole.net\/blog\/wp-content\/uploads\/2026\/04\/school-ninos-aula.jpg\",\"datePublished\":\"2026-03-11T08:45:00+00:00\",\"dateModified\":\"2026-04-24T18:20:34+00:00\",\"breadcrumb\":{\"@id\":\"https:\/\/www.micole.net\/blog\/educacion\/inteligencias-multiples-en-el-aula-como-aplicar-la-teoria-de-gardner\/#breadcrumb\"},\"inLanguage\":\"es\",\"potentialAction\":[{\"@type\":\"ReadAction\",\"target\":[\"https:\/\/www.micole.net\/blog\/educacion\/inteligencias-multiples-en-el-aula-como-aplicar-la-teoria-de-gardner\/\"]}]},{\"@type\":\"ImageObject\",\"inLanguage\":\"es\",\"@id\":\"https:\/\/www.micole.net\/blog\/educacion\/inteligencias-multiples-en-el-aula-como-aplicar-la-teoria-de-gardner\/#primaryimage\",\"url\":\"https:\/\/www.micole.net\/blog\/wp-content\/uploads\/2026\/04\/school-ninos-aula.jpg\",\"contentUrl\":\"https:\/\/www.micole.net\/blog\/wp-content\/uploads\/2026\/04\/school-ninos-aula.jpg\",\"width\":750,\"height\":500,\"caption\":\"Ni\u00f1os en el aula\"},{\"@type\":\"BreadcrumbList\",\"@id\":\"https:\/\/www.micole.net\/blog\/educacion\/inteligencias-multiples-en-el-aula-como-aplicar-la-teoria-de-gardner\/#breadcrumb\",\"itemListElement\":[{\"@type\":\"ListItem\",\"position\":1,\"name\":\"Portada\",\"item\":\"https:\/\/www.micole.net\/blog\/\"},{\"@type\":\"ListItem\",\"position\":2,\"name\":\"Inteligencias m\u00faltiples en el aula: c\u00f3mo aplicar la teor\u00eda de Gardner\"}]},{\"@type\":\"WebSite\",\"@id\":\"https:\/\/www.micole.net\/blog\/#website\",\"url\":\"https:\/\/www.micole.net\/blog\/\",\"name\":\"Blog Micole\",\"description\":\"En el Blog de Micole encontrar\u00e1s contenido y recursos relacionados con la educaci\u00f3n y la crianza de los hijos\",\"publisher\":{\"@id\":\"https:\/\/www.micole.net\/blog\/#organization\"},\"potentialAction\":[{\"@type\":\"SearchAction\",\"target\":{\"@type\":\"EntryPoint\",\"urlTemplate\":\"https:\/\/www.micole.net\/blog\/?s={search_term_string}\"},\"query-input\":{\"@type\":\"PropertyValueSpecification\",\"valueRequired\":true,\"valueName\":\"search_term_string\"}}],\"inLanguage\":\"es\"},{\"@type\":\"Organization\",\"@id\":\"https:\/\/www.micole.net\/blog\/#organization\",\"name\":\"Micole\",\"url\":\"https:\/\/www.micole.net\/blog\/\",\"logo\":{\"@type\":\"ImageObject\",\"inLanguage\":\"es\",\"@id\":\"https:\/\/www.micole.net\/blog\/#\/schema\/logo\/image\/\",\"url\":\"https:\/\/www.micole.net\/blog\/wp-content\/uploads\/2019\/12\/logo.png\",\"contentUrl\":\"https:\/\/www.micole.net\/blog\/wp-content\/uploads\/2019\/12\/logo.png\",\"width\":1200,\"height\":1200,\"caption\":\"Micole\"},\"image\":{\"@id\":\"https:\/\/www.micole.net\/blog\/#\/schema\/logo\/image\/\"},\"sameAs\":[\"https:\/\/www.facebook.com\/micoleoficial\/\",\"https:\/\/www.instagram.com\/micoleoficial\/\"]},{\"@type\":\"Person\",\"@id\":\"https:\/\/www.micole.net\/blog\/#\/schema\/person\/861e4d9a8ce4499d9c106c2ac39f8951\",\"name\":\"El equipo de Micole\",\"image\":{\"@type\":\"ImageObject\",\"inLanguage\":\"es\",\"@id\":\"https:\/\/www.micole.net\/blog\/#\/schema\/person\/image\/\",\"url\":\"https:\/\/secure.gravatar.com\/avatar\/1cd164d7ed5bce011a362aac715fce0d7731ec230263bea587c3176ae3cf4290?s=96&d=mm&r=g\",\"contentUrl\":\"https:\/\/secure.gravatar.com\/avatar\/1cd164d7ed5bce011a362aac715fce0d7731ec230263bea587c3176ae3cf4290?s=96&d=mm&r=g\",\"caption\":\"El equipo de Micole\"}}]}<\/script>\n<!-- \/ Yoast SEO plugin. -->","yoast_head_json":{"title":"Inteligencias m\u00faltiples en el aula: c\u00f3mo aplicar la teor\u00eda de Gardner - Blog Micole","robots":{"index":"index","follow":"follow","max-snippet":"max-snippet:-1","max-image-preview":"max-image-preview:large","max-video-preview":"max-video-preview:-1"},"canonical":"https:\/\/www.micole.net\/blog\/educacion\/inteligencias-multiples-en-el-aula-como-aplicar-la-teoria-de-gardner\/","og_locale":"es_ES","og_type":"article","og_title":"Inteligencias m\u00faltiples en el aula: c\u00f3mo aplicar la teor\u00eda de Gardner - Blog Micole","og_description":"Aprende a aplicar la teor\u00eda de las inteligencias m\u00faltiples de Gardner en el aula. Estrategias pr\u00e1cticas, evaluaci\u00f3n diversificada y c\u00f3mo personalizar el aprendizaje.","og_url":"https:\/\/www.micole.net\/blog\/educacion\/inteligencias-multiples-en-el-aula-como-aplicar-la-teoria-de-gardner\/","og_site_name":"Blog Micole","article_publisher":"https:\/\/www.facebook.com\/micoleoficial\/","article_published_time":"2026-03-11T08:45:00+00:00","article_modified_time":"2026-04-24T18:20:34+00:00","og_image":[{"width":750,"height":500,"url":"https:\/\/www.micole.net\/blog\/wp-content\/uploads\/2026\/04\/school-ninos-aula.jpg","type":"image\/jpeg"}],"author":"El equipo de Micole","twitter_card":"summary_large_image","twitter_misc":{"Escrito por":"El equipo de Micole","Tiempo de lectura":"2 minutos"},"schema":{"@context":"https:\/\/schema.org","@graph":[{"@type":"Article","@id":"https:\/\/www.micole.net\/blog\/educacion\/inteligencias-multiples-en-el-aula-como-aplicar-la-teoria-de-gardner\/#article","isPartOf":{"@id":"https:\/\/www.micole.net\/blog\/educacion\/inteligencias-multiples-en-el-aula-como-aplicar-la-teoria-de-gardner\/"},"author":{"name":"El equipo de Micole","@id":"https:\/\/www.micole.net\/blog\/#\/schema\/person\/861e4d9a8ce4499d9c106c2ac39f8951"},"headline":"Inteligencias m\u00faltiples en el aula: c\u00f3mo aplicar la teor\u00eda de Gardner","datePublished":"2026-03-11T08:45:00+00:00","dateModified":"2026-04-24T18:20:34+00:00","mainEntityOfPage":{"@id":"https:\/\/www.micole.net\/blog\/educacion\/inteligencias-multiples-en-el-aula-como-aplicar-la-teoria-de-gardner\/"},"wordCount":489,"commentCount":0,"publisher":{"@id":"https:\/\/www.micole.net\/blog\/#organization"},"image":{"@id":"https:\/\/www.micole.net\/blog\/educacion\/inteligencias-multiples-en-el-aula-como-aplicar-la-teoria-de-gardner\/#primaryimage"},"thumbnailUrl":"https:\/\/www.micole.net\/blog\/wp-content\/uploads\/2026\/04\/school-ninos-aula.jpg","articleSection":["Educaci\u00f3n"],"inLanguage":"es","potentialAction":[{"@type":"CommentAction","name":"Comment","target":["https:\/\/www.micole.net\/blog\/educacion\/inteligencias-multiples-en-el-aula-como-aplicar-la-teoria-de-gardner\/#respond"]}]},{"@type":"WebPage","@id":"https:\/\/www.micole.net\/blog\/educacion\/inteligencias-multiples-en-el-aula-como-aplicar-la-teoria-de-gardner\/","url":"https:\/\/www.micole.net\/blog\/educacion\/inteligencias-multiples-en-el-aula-como-aplicar-la-teoria-de-gardner\/","name":"Inteligencias m\u00faltiples en el aula: c\u00f3mo aplicar la teor\u00eda de Gardner - Blog Micole","isPartOf":{"@id":"https:\/\/www.micole.net\/blog\/#website"},"primaryImageOfPage":{"@id":"https:\/\/www.micole.net\/blog\/educacion\/inteligencias-multiples-en-el-aula-como-aplicar-la-teoria-de-gardner\/#primaryimage"},"image":{"@id":"https:\/\/www.micole.net\/blog\/educacion\/inteligencias-multiples-en-el-aula-como-aplicar-la-teoria-de-gardner\/#primaryimage"},"thumbnailUrl":"https:\/\/www.micole.net\/blog\/wp-content\/uploads\/2026\/04\/school-ninos-aula.jpg","datePublished":"2026-03-11T08:45:00+00:00","dateModified":"2026-04-24T18:20:34+00:00","breadcrumb":{"@id":"https:\/\/www.micole.net\/blog\/educacion\/inteligencias-multiples-en-el-aula-como-aplicar-la-teoria-de-gardner\/#breadcrumb"},"inLanguage":"es","potentialAction":[{"@type":"ReadAction","target":["https:\/\/www.micole.net\/blog\/educacion\/inteligencias-multiples-en-el-aula-como-aplicar-la-teoria-de-gardner\/"]}]},{"@type":"ImageObject","inLanguage":"es","@id":"https:\/\/www.micole.net\/blog\/educacion\/inteligencias-multiples-en-el-aula-como-aplicar-la-teoria-de-gardner\/#primaryimage","url":"https:\/\/www.micole.net\/blog\/wp-content\/uploads\/2026\/04\/school-ninos-aula.jpg","contentUrl":"https:\/\/www.micole.net\/blog\/wp-content\/uploads\/2026\/04\/school-ninos-aula.jpg","width":750,"height":500,"caption":"Ni\u00f1os en el aula"},{"@type":"BreadcrumbList","@id":"https:\/\/www.micole.net\/blog\/educacion\/inteligencias-multiples-en-el-aula-como-aplicar-la-teoria-de-gardner\/#breadcrumb","itemListElement":[{"@type":"ListItem","position":1,"name":"Portada","item":"https:\/\/www.micole.net\/blog\/"},{"@type":"ListItem","position":2,"name":"Inteligencias m\u00faltiples en el aula: c\u00f3mo aplicar la teor\u00eda de Gardner"}]},{"@type":"WebSite","@id":"https:\/\/www.micole.net\/blog\/#website","url":"https:\/\/www.micole.net\/blog\/","name":"Blog Micole","description":"En el Blog de Micole encontrar\u00e1s contenido y recursos relacionados con la educaci\u00f3n y la crianza de los hijos","publisher":{"@id":"https:\/\/www.micole.net\/blog\/#organization"},"potentialAction":[{"@type":"SearchAction","target":{"@type":"EntryPoint","urlTemplate":"https:\/\/www.micole.net\/blog\/?s={search_term_string}"},"query-input":{"@type":"PropertyValueSpecification","valueRequired":true,"valueName":"search_term_string"}}],"inLanguage":"es"},{"@type":"Organization","@id":"https:\/\/www.micole.net\/blog\/#organization","name":"Micole","url":"https:\/\/www.micole.net\/blog\/","logo":{"@type":"ImageObject","inLanguage":"es","@id":"https:\/\/www.micole.net\/blog\/#\/schema\/logo\/image\/","url":"https:\/\/www.micole.net\/blog\/wp-content\/uploads\/2019\/12\/logo.png","contentUrl":"https:\/\/www.micole.net\/blog\/wp-content\/uploads\/2019\/12\/logo.png","width":1200,"height":1200,"caption":"Micole"},"image":{"@id":"https:\/\/www.micole.net\/blog\/#\/schema\/logo\/image\/"},"sameAs":["https:\/\/www.facebook.com\/micoleoficial\/","https:\/\/www.instagram.com\/micoleoficial\/"]},{"@type":"Person","@id":"https:\/\/www.micole.net\/blog\/#\/schema\/person\/861e4d9a8ce4499d9c106c2ac39f8951","name":"El equipo de Micole","image":{"@type":"ImageObject","inLanguage":"es","@id":"https:\/\/www.micole.net\/blog\/#\/schema\/person\/image\/","url":"https:\/\/secure.gravatar.com\/avatar\/1cd164d7ed5bce011a362aac715fce0d7731ec230263bea587c3176ae3cf4290?s=96&d=mm&r=g","contentUrl":"https:\/\/secure.gravatar.com\/avatar\/1cd164d7ed5bce011a362aac715fce0d7731ec230263bea587c3176ae3cf4290?s=96&d=mm&r=g","caption":"El equipo de Micole"}}]}},"_links":{"self":[{"href":"https:\/\/www.micole.net\/blog\/wp-json\/wp\/v2\/posts\/7361","targetHints":{"allow":["GET"]}}],"collection":[{"href":"https:\/\/www.micole.net\/blog\/wp-json\/wp\/v2\/posts"}],"about":[{"href":"https:\/\/www.micole.net\/blog\/wp-json\/wp\/v2\/types\/post"}],"author":[{"embeddable":true,"href":"https:\/\/www.micole.net\/blog\/wp-json\/wp\/v2\/users\/1"}],"replies":[{"embeddable":true,"href":"https:\/\/www.micole.net\/blog\/wp-json\/wp\/v2\/comments?post=7361"}],"version-history":[{"count":2,"href":"https:\/\/www.micole.net\/blog\/wp-json\/wp\/v2\/posts\/7361\/revisions"}],"predecessor-version":[{"id":9497,"href":"https:\/\/www.micole.net\/blog\/wp-json\/wp\/v2\/posts\/7361\/revisions\/9497"}],"wp:featuredmedia":[{"embeddable":true,"href":"https:\/\/www.micole.net\/blog\/wp-json\/wp\/v2\/media\/9260"}],"wp:attachment":[{"href":"https:\/\/www.micole.net\/blog\/wp-json\/wp\/v2\/media?parent=7361"}],"wp:term":[{"taxonomy":"category","embeddable":true,"href":"https:\/\/www.micole.net\/blog\/wp-json\/wp\/v2\/categories?post=7361"},{"taxonomy":"post_tag","embeddable":true,"href":"https:\/\/www.micole.net\/blog\/wp-json\/wp\/v2\/tags?post=7361"}],"curies":[{"name":"wp","href":"https:\/\/api.w.org\/{rel}","templated":true}]}}