{"id":7124,"date":"2025-09-08T19:38:34","date_gmt":"2025-09-08T17:38:34","guid":{"rendered":"https:\/\/www.micole.net\/blog\/?p=7124"},"modified":"2025-09-08T19:38:36","modified_gmt":"2025-09-08T17:38:36","slug":"fomentar-autonomia-escolar","status":"publish","type":"post","link":"https:\/\/www.micole.net\/blog\/educacion\/fomentar-autonomia-escolar\/","title":{"rendered":"Fomentar la autonom\u00eda escolar desde los primeros cursos"},"content":{"rendered":"\n<p>Los primeros cursos escolares no solo marcan el inicio de una etapa acad\u00e9mica, tambi\u00e9n son una oportunidad clave para establecer h\u00e1bitos que acompa\u00f1ar\u00e1n al alumnado durante toda su trayectoria. Entre esos h\u00e1bitos, la autonom\u00eda escolar ocupa un lugar fundamental.<\/p>\n\n\n\n<p>Cuando ni\u00f1as y ni\u00f1os desarrollan la capacidad de organizarse, resolver tareas de forma independiente y asumir peque\u00f1as responsabilidades, se fortalece su confianza y mejora su actitud frente al aprendizaje. Este proceso requiere constancia y acompa\u00f1amiento, sin caer en la sobreprotecci\u00f3n.<\/p>\n\n\n\n<h2 class=\"wp-block-heading\"><strong>La importancia de la autonom\u00eda en el entorno escolar<\/strong><\/h2>\n\n\n\n<p><\/p>\n\n\n\n<p>Fomentar la independencia desde los primeros a\u00f1os permite a los estudiantes adquirir habilidades \u00fatiles dentro y fuera del aula. Preparar su mochila, organizar tiempos de estudio o cumplir tareas sin ayuda constante son ejemplos de rutinas que aumentan su seguridad personal.<\/p>\n\n\n\n<p>Algunas <a href=\"https:\/\/safeducamas.com\/senales-alerta-desarrollo-infantil-especialista\/\" target=\"_blank\" rel=\"noreferrer noopener nofollow\">se\u00f1ales tempranas<\/a> incluyen seguir instrucciones simples sin ayuda, elegir qu\u00e9 tarea hacer primero o preparar materiales antes de clase. Estos comportamientos muestran que el estudiante empieza a asumir un rol activo en su educaci\u00f3n.<\/p>\n\n\n\n<h2 class=\"wp-block-heading\"><strong>El papel de madres y padres en la construcci\u00f3n de h\u00e1bitos<\/strong><\/h2>\n\n\n\n<p><\/p>\n\n\n\n<p>El hogar es el lugar donde se consolidan rutinas que favorecen el rendimiento escolar. Mantener horarios definidos para dormir, estudiar y descansar crea estructura y organizaci\u00f3n.<\/p>\n\n\n\n<p>Tambi\u00e9n es importante dejar que los ni\u00f1os se equivoquen y aprendan de ello. Si olvidan una tarea, puede ser una ocasi\u00f3n para preguntar, revisar y encontrar soluciones, en lugar de resolverlo de inmediato.<\/p>\n\n\n\n<p>Una estrategia pr\u00e1ctica es utilizar preguntas que fomenten el pensamiento aut\u00f3nomo: <em>\u00bfqu\u00e9 necesitas preparar para ma\u00f1ana?<\/em>, <em>\u00bfc\u00f3mo organizar\u00e1s tu tarde?<\/em> o <em>\u00bfqu\u00e9 parte de la tarea quieres hacer primero?<\/em>.<\/p>\n\n\n\n<h2 class=\"wp-block-heading\"><strong>Introducir herramientas digitales con sentido<\/strong><\/h2>\n\n\n\n<p><\/p>\n\n\n\n<p>La tecnolog\u00eda puede apoyar la autonom\u00eda si se utiliza con un prop\u00f3sito claro. Es preferible ense\u00f1ar pocas herramientas bien elegidas y relacionadas con el entorno escolar que saturar con m\u00faltiples opciones.<\/p>\n\n\n\n<p>Por ejemplo, cuando los alumnos deben entregar tareas digitales, se les puede mostrar c\u00f3mo revisar o a\u00f1adir comentarios en sus documentos, o c\u00f3mo usar una <a href=\"https:\/\/www.adobe.com\/de\/acrobat\/online\/merge-pdf.html?utm_source=chatgpt.com\" target=\"_blank\" rel=\"noreferrer noopener\">herramienta PDF online<\/a> para organizar materiales de clase o enviar un archivo en el formato adecuado. De esta forma aprenden a gestionar recursos digitales sin depender siempre de un adulto.<\/p>\n\n\n\n<p>El objetivo es que comprendan por qu\u00e9 y cu\u00e1ndo usar estas herramientas, reforzando un uso consciente y pr\u00e1ctico.<\/p>\n\n\n\n<h2 class=\"wp-block-heading\"><strong>Actividades cotidianas que promueven la responsabilidad<\/strong><\/h2>\n\n\n\n<p><\/p>\n\n\n\n<p>Las rutinas diarias marcan la diferencia:<\/p>\n\n\n\n<ul class=\"wp-block-list\">\n<li>Revisar la agenda escolar cada noche y preparar la mochila.<\/li>\n\n\n\n<li>Contar con un rinc\u00f3n de estudio sencillo pero ordenado, que el ni\u00f1o mantenga bajo su responsabilidad.<\/li>\n\n\n\n<li>Participar en decisiones peque\u00f1as, como elegir el orden de las actividades de la tarde.<\/li>\n\n\n\n<li>Revisar en familia cada fin de semana qu\u00e9 funcion\u00f3 bien y qu\u00e9 se puede mejorar para la siguiente semana.<\/li>\n<\/ul>\n\n\n\n<p>Estas pr\u00e1cticas dan al alumnado un papel activo y refuerzan su compromiso con la escuela.<\/p>\n\n\n\n<h2 class=\"wp-block-heading\"><strong>Supervisar sin controlar<\/strong><\/h2>\n\n\n\n<p><\/p>\n\n\n\n<p>Acompa\u00f1ar no significa resolverlo todo por ellos. <a href=\"https:\/\/es.linkedin.com\/pulse\/escuchar-bien-es-solo-o%C3%ADr-sostener-el-espacio-del-sin-mariola-lhgvf\" target=\"_blank\" rel=\"noreferrer noopener nofollow\">Observar sin intervenir<\/a> de inmediato permite que intenten resolver antes de recibir ayuda.<\/p>\n\n\n\n<p>Establecer un momento concreto del d\u00eda para revisar avances evita preguntas constantes y transmite confianza. Adem\u00e1s, dar libertad ajustada a la edad \u2014desde dos opciones sencillas para los m\u00e1s peque\u00f1os hasta planes semanales para los mayores\u2014 ayuda a que asuman mayor responsabilidad de forma progresiva.<\/p>\n\n\n\n<h2 class=\"wp-block-heading\"><strong>Apoyar la autonom\u00eda d\u00eda a d\u00eda<\/strong><\/h2>\n\n\n\n<p><\/p>\n\n\n\n<p>La autonom\u00eda escolar se construye con rutinas claras, peque\u00f1as responsabilidades y un acompa\u00f1amiento coherente. Al dar espacio para decidir y aprender de los errores, se fomenta una actitud activa y segura frente al aprendizaje.<\/p>\n\n\n\n<p>El papel de las familias y las escuelas no es intervenir en cada paso, sino crear un entorno donde los estudiantes se sientan capaces de organizarse, tomar decisiones y avanzar con confianza.<\/p>\n","protected":false},"excerpt":{"rendered":"<p>Los primeros cursos escolares no solo marcan el inicio de una etapa acad\u00e9mica, tambi\u00e9n son una oportunidad clave para establecer h\u00e1bitos que acompa\u00f1ar\u00e1n al alumnado durante toda su trayectoria. Entre esos h\u00e1bitos, la autonom\u00eda escolar ocupa un lugar fundamental. Cuando ni\u00f1as y ni\u00f1os desarrollan la capacidad de organizarse, resolver tareas de forma independiente y asumir &hellip;<\/p>\n<p class=\"read-more\"> <a class=\"\" href=\"https:\/\/www.micole.net\/blog\/educacion\/fomentar-autonomia-escolar\/\"> <span class=\"screen-reader-text\">Fomentar la autonom\u00eda escolar desde los primeros cursos<\/span> Leer m\u00e1s &raquo;<\/a><\/p>\n","protected":false},"author":1,"featured_media":7125,"comment_status":"open","ping_status":"open","sticky":false,"template":"","format":"standard","meta":{"content-type":"","sfsi_plus_gutenberg_text_before_share":"","sfsi_plus_gutenberg_show_text_before_share":"","sfsi_plus_gutenberg_icon_type":"","sfsi_plus_gutenberg_icon_alignemt":"","sfsi_plus_gutenburg_max_per_row":"","site-sidebar-layout":"default","site-content-layout":"","ast-site-content-layout":"default","site-content-style":"default","site-sidebar-style":"default","ast-global-header-display":"","ast-banner-title-visibility":"","ast-main-header-display":"","ast-hfb-above-header-display":"","ast-hfb-below-header-display":"","ast-hfb-mobile-header-display":"","site-post-title":"","ast-breadcrumbs-content":"","ast-featured-img":"","footer-sml-layout":"","theme-transparent-header-meta":"","adv-header-id-meta":"","stick-header-meta":"","header-above-stick-meta":"","header-main-stick-meta":"","header-below-stick-meta":"","astra-migrate-meta-layouts":"set","footnotes":""},"categories":[61],"tags":[],"class_list":["post-7124","post","type-post","status-publish","format-standard","has-post-thumbnail","hentry","category-educacion"],"yoast_head":"<!-- This site is optimized with the Yoast SEO plugin v26.9 - https:\/\/yoast.com\/product\/yoast-seo-wordpress\/ -->\n<title>C\u00f3mo fomentar la autonom\u00eda escolar desde los primeros cursos<\/title>\n<meta name=\"description\" content=\"C\u00f3mo fomentar la autonom\u00eda escolar desde los primeros cursos con rutinas, responsabilidades y apoyo en casa y en el aula.\" \/>\n<meta name=\"robots\" content=\"index, follow, max-snippet:-1, max-image-preview:large, max-video-preview:-1\" \/>\n<link rel=\"canonical\" href=\"https:\/\/www.micole.net\/blog\/educacion\/fomentar-autonomia-escolar\/\" \/>\n<meta property=\"og:locale\" content=\"es_ES\" \/>\n<meta property=\"og:type\" content=\"article\" \/>\n<meta property=\"og:title\" content=\"C\u00f3mo fomentar la autonom\u00eda escolar desde los primeros cursos\" \/>\n<meta property=\"og:description\" content=\"C\u00f3mo fomentar la autonom\u00eda escolar desde los primeros cursos con rutinas, responsabilidades y apoyo en casa y en el aula.\" \/>\n<meta property=\"og:url\" content=\"https:\/\/www.micole.net\/blog\/educacion\/fomentar-autonomia-escolar\/\" \/>\n<meta property=\"og:site_name\" content=\"Blog Micole\" \/>\n<meta property=\"article:publisher\" content=\"https:\/\/www.facebook.com\/micoleoficial\/\" \/>\n<meta property=\"article:published_time\" content=\"2025-09-08T17:38:34+00:00\" \/>\n<meta property=\"article:modified_time\" content=\"2025-09-08T17:38:36+00:00\" \/>\n<meta property=\"og:image\" content=\"https:\/\/www.micole.net\/blog\/wp-content\/uploads\/2025\/09\/management-7014178_1280.jpg\" \/>\n\t<meta property=\"og:image:width\" content=\"1280\" \/>\n\t<meta property=\"og:image:height\" content=\"850\" \/>\n\t<meta property=\"og:image:type\" content=\"image\/jpeg\" \/>\n<meta name=\"author\" content=\"El equipo de Micole\" \/>\n<meta name=\"twitter:card\" content=\"summary_large_image\" \/>\n<meta name=\"twitter:label1\" content=\"Escrito por\" \/>\n\t<meta name=\"twitter:data1\" content=\"El equipo de Micole\" \/>\n<script type=\"application\/ld+json\" class=\"yoast-schema-graph\">{\"@context\":\"https:\/\/schema.org\",\"@graph\":[{\"@type\":\"Article\",\"@id\":\"https:\/\/www.micole.net\/blog\/educacion\/fomentar-autonomia-escolar\/#article\",\"isPartOf\":{\"@id\":\"https:\/\/www.micole.net\/blog\/educacion\/fomentar-autonomia-escolar\/\"},\"author\":{\"name\":\"El equipo de Micole\",\"@id\":\"https:\/\/www.micole.net\/blog\/#\/schema\/person\/861e4d9a8ce4499d9c106c2ac39f8951\"},\"headline\":\"Fomentar la autonom\u00eda escolar desde los primeros cursos\",\"datePublished\":\"2025-09-08T17:38:34+00:00\",\"dateModified\":\"2025-09-08T17:38:36+00:00\",\"mainEntityOfPage\":{\"@id\":\"https:\/\/www.micole.net\/blog\/educacion\/fomentar-autonomia-escolar\/\"},\"wordCount\":659,\"commentCount\":0,\"publisher\":{\"@id\":\"https:\/\/www.micole.net\/blog\/#organization\"},\"image\":{\"@id\":\"https:\/\/www.micole.net\/blog\/educacion\/fomentar-autonomia-escolar\/#primaryimage\"},\"thumbnailUrl\":\"https:\/\/www.micole.net\/blog\/wp-content\/uploads\/2025\/09\/management-7014178_1280.jpg\",\"articleSection\":[\"Educaci\u00f3n\"],\"inLanguage\":\"es\",\"potentialAction\":[{\"@type\":\"CommentAction\",\"name\":\"Comment\",\"target\":[\"https:\/\/www.micole.net\/blog\/educacion\/fomentar-autonomia-escolar\/#respond\"]}]},{\"@type\":\"WebPage\",\"@id\":\"https:\/\/www.micole.net\/blog\/educacion\/fomentar-autonomia-escolar\/\",\"url\":\"https:\/\/www.micole.net\/blog\/educacion\/fomentar-autonomia-escolar\/\",\"name\":\"C\u00f3mo fomentar la autonom\u00eda escolar desde los primeros cursos\",\"isPartOf\":{\"@id\":\"https:\/\/www.micole.net\/blog\/#website\"},\"primaryImageOfPage\":{\"@id\":\"https:\/\/www.micole.net\/blog\/educacion\/fomentar-autonomia-escolar\/#primaryimage\"},\"image\":{\"@id\":\"https:\/\/www.micole.net\/blog\/educacion\/fomentar-autonomia-escolar\/#primaryimage\"},\"thumbnailUrl\":\"https:\/\/www.micole.net\/blog\/wp-content\/uploads\/2025\/09\/management-7014178_1280.jpg\",\"datePublished\":\"2025-09-08T17:38:34+00:00\",\"dateModified\":\"2025-09-08T17:38:36+00:00\",\"description\":\"C\u00f3mo fomentar la autonom\u00eda escolar desde los primeros cursos con rutinas, responsabilidades y apoyo en casa y en el aula.\",\"breadcrumb\":{\"@id\":\"https:\/\/www.micole.net\/blog\/educacion\/fomentar-autonomia-escolar\/#breadcrumb\"},\"inLanguage\":\"es\",\"potentialAction\":[{\"@type\":\"ReadAction\",\"target\":[\"https:\/\/www.micole.net\/blog\/educacion\/fomentar-autonomia-escolar\/\"]}]},{\"@type\":\"ImageObject\",\"inLanguage\":\"es\",\"@id\":\"https:\/\/www.micole.net\/blog\/educacion\/fomentar-autonomia-escolar\/#primaryimage\",\"url\":\"https:\/\/www.micole.net\/blog\/wp-content\/uploads\/2025\/09\/management-7014178_1280.jpg\",\"contentUrl\":\"https:\/\/www.micole.net\/blog\/wp-content\/uploads\/2025\/09\/management-7014178_1280.jpg\",\"width\":1280,\"height\":850,\"caption\":\"Agenda escolar\"},{\"@type\":\"BreadcrumbList\",\"@id\":\"https:\/\/www.micole.net\/blog\/educacion\/fomentar-autonomia-escolar\/#breadcrumb\",\"itemListElement\":[{\"@type\":\"ListItem\",\"position\":1,\"name\":\"Portada\",\"item\":\"https:\/\/www.micole.net\/blog\/\"},{\"@type\":\"ListItem\",\"position\":2,\"name\":\"Fomentar la autonom\u00eda escolar desde los primeros cursos\"}]},{\"@type\":\"WebSite\",\"@id\":\"https:\/\/www.micole.net\/blog\/#website\",\"url\":\"https:\/\/www.micole.net\/blog\/\",\"name\":\"Blog Micole\",\"description\":\"En el Blog de Micole encontrar\u00e1s contenido y recursos relacionados con la educaci\u00f3n y la crianza de los hijos\",\"publisher\":{\"@id\":\"https:\/\/www.micole.net\/blog\/#organization\"},\"potentialAction\":[{\"@type\":\"SearchAction\",\"target\":{\"@type\":\"EntryPoint\",\"urlTemplate\":\"https:\/\/www.micole.net\/blog\/?s={search_term_string}\"},\"query-input\":{\"@type\":\"PropertyValueSpecification\",\"valueRequired\":true,\"valueName\":\"search_term_string\"}}],\"inLanguage\":\"es\"},{\"@type\":\"Organization\",\"@id\":\"https:\/\/www.micole.net\/blog\/#organization\",\"name\":\"Micole\",\"url\":\"https:\/\/www.micole.net\/blog\/\",\"logo\":{\"@type\":\"ImageObject\",\"inLanguage\":\"es\",\"@id\":\"https:\/\/www.micole.net\/blog\/#\/schema\/logo\/image\/\",\"url\":\"https:\/\/www.micole.net\/blog\/wp-content\/uploads\/2019\/12\/logo.png\",\"contentUrl\":\"https:\/\/www.micole.net\/blog\/wp-content\/uploads\/2019\/12\/logo.png\",\"width\":1200,\"height\":1200,\"caption\":\"Micole\"},\"image\":{\"@id\":\"https:\/\/www.micole.net\/blog\/#\/schema\/logo\/image\/\"},\"sameAs\":[\"https:\/\/www.facebook.com\/micoleoficial\/\",\"https:\/\/www.instagram.com\/micoleoficial\/\"]},{\"@type\":\"Person\",\"@id\":\"https:\/\/www.micole.net\/blog\/#\/schema\/person\/861e4d9a8ce4499d9c106c2ac39f8951\",\"name\":\"El equipo de Micole\",\"image\":{\"@type\":\"ImageObject\",\"inLanguage\":\"es\",\"@id\":\"https:\/\/www.micole.net\/blog\/#\/schema\/person\/image\/\",\"url\":\"https:\/\/secure.gravatar.com\/avatar\/1cd164d7ed5bce011a362aac715fce0d7731ec230263bea587c3176ae3cf4290?s=96&d=mm&r=g\",\"contentUrl\":\"https:\/\/secure.gravatar.com\/avatar\/1cd164d7ed5bce011a362aac715fce0d7731ec230263bea587c3176ae3cf4290?s=96&d=mm&r=g\",\"caption\":\"El equipo de Micole\"}}]}<\/script>\n<!-- \/ Yoast SEO plugin. -->","yoast_head_json":{"title":"C\u00f3mo fomentar la autonom\u00eda escolar desde los primeros cursos","description":"C\u00f3mo fomentar la autonom\u00eda escolar desde los primeros cursos con rutinas, responsabilidades y apoyo en casa y en el aula.","robots":{"index":"index","follow":"follow","max-snippet":"max-snippet:-1","max-image-preview":"max-image-preview:large","max-video-preview":"max-video-preview:-1"},"canonical":"https:\/\/www.micole.net\/blog\/educacion\/fomentar-autonomia-escolar\/","og_locale":"es_ES","og_type":"article","og_title":"C\u00f3mo fomentar la autonom\u00eda escolar desde los primeros cursos","og_description":"C\u00f3mo fomentar la autonom\u00eda escolar desde los primeros cursos con rutinas, responsabilidades y apoyo en casa y en el aula.","og_url":"https:\/\/www.micole.net\/blog\/educacion\/fomentar-autonomia-escolar\/","og_site_name":"Blog Micole","article_publisher":"https:\/\/www.facebook.com\/micoleoficial\/","article_published_time":"2025-09-08T17:38:34+00:00","article_modified_time":"2025-09-08T17:38:36+00:00","og_image":[{"width":1280,"height":850,"url":"https:\/\/www.micole.net\/blog\/wp-content\/uploads\/2025\/09\/management-7014178_1280.jpg","type":"image\/jpeg"}],"author":"El equipo de Micole","twitter_card":"summary_large_image","twitter_misc":{"Escrito por":"El equipo de Micole"},"schema":{"@context":"https:\/\/schema.org","@graph":[{"@type":"Article","@id":"https:\/\/www.micole.net\/blog\/educacion\/fomentar-autonomia-escolar\/#article","isPartOf":{"@id":"https:\/\/www.micole.net\/blog\/educacion\/fomentar-autonomia-escolar\/"},"author":{"name":"El equipo de Micole","@id":"https:\/\/www.micole.net\/blog\/#\/schema\/person\/861e4d9a8ce4499d9c106c2ac39f8951"},"headline":"Fomentar la autonom\u00eda escolar desde los primeros cursos","datePublished":"2025-09-08T17:38:34+00:00","dateModified":"2025-09-08T17:38:36+00:00","mainEntityOfPage":{"@id":"https:\/\/www.micole.net\/blog\/educacion\/fomentar-autonomia-escolar\/"},"wordCount":659,"commentCount":0,"publisher":{"@id":"https:\/\/www.micole.net\/blog\/#organization"},"image":{"@id":"https:\/\/www.micole.net\/blog\/educacion\/fomentar-autonomia-escolar\/#primaryimage"},"thumbnailUrl":"https:\/\/www.micole.net\/blog\/wp-content\/uploads\/2025\/09\/management-7014178_1280.jpg","articleSection":["Educaci\u00f3n"],"inLanguage":"es","potentialAction":[{"@type":"CommentAction","name":"Comment","target":["https:\/\/www.micole.net\/blog\/educacion\/fomentar-autonomia-escolar\/#respond"]}]},{"@type":"WebPage","@id":"https:\/\/www.micole.net\/blog\/educacion\/fomentar-autonomia-escolar\/","url":"https:\/\/www.micole.net\/blog\/educacion\/fomentar-autonomia-escolar\/","name":"C\u00f3mo fomentar la autonom\u00eda escolar desde los primeros cursos","isPartOf":{"@id":"https:\/\/www.micole.net\/blog\/#website"},"primaryImageOfPage":{"@id":"https:\/\/www.micole.net\/blog\/educacion\/fomentar-autonomia-escolar\/#primaryimage"},"image":{"@id":"https:\/\/www.micole.net\/blog\/educacion\/fomentar-autonomia-escolar\/#primaryimage"},"thumbnailUrl":"https:\/\/www.micole.net\/blog\/wp-content\/uploads\/2025\/09\/management-7014178_1280.jpg","datePublished":"2025-09-08T17:38:34+00:00","dateModified":"2025-09-08T17:38:36+00:00","description":"C\u00f3mo fomentar la autonom\u00eda escolar desde los primeros cursos con rutinas, responsabilidades y apoyo en casa y en el aula.","breadcrumb":{"@id":"https:\/\/www.micole.net\/blog\/educacion\/fomentar-autonomia-escolar\/#breadcrumb"},"inLanguage":"es","potentialAction":[{"@type":"ReadAction","target":["https:\/\/www.micole.net\/blog\/educacion\/fomentar-autonomia-escolar\/"]}]},{"@type":"ImageObject","inLanguage":"es","@id":"https:\/\/www.micole.net\/blog\/educacion\/fomentar-autonomia-escolar\/#primaryimage","url":"https:\/\/www.micole.net\/blog\/wp-content\/uploads\/2025\/09\/management-7014178_1280.jpg","contentUrl":"https:\/\/www.micole.net\/blog\/wp-content\/uploads\/2025\/09\/management-7014178_1280.jpg","width":1280,"height":850,"caption":"Agenda escolar"},{"@type":"BreadcrumbList","@id":"https:\/\/www.micole.net\/blog\/educacion\/fomentar-autonomia-escolar\/#breadcrumb","itemListElement":[{"@type":"ListItem","position":1,"name":"Portada","item":"https:\/\/www.micole.net\/blog\/"},{"@type":"ListItem","position":2,"name":"Fomentar la autonom\u00eda escolar desde los primeros cursos"}]},{"@type":"WebSite","@id":"https:\/\/www.micole.net\/blog\/#website","url":"https:\/\/www.micole.net\/blog\/","name":"Blog Micole","description":"En el Blog de Micole encontrar\u00e1s contenido y recursos relacionados con la educaci\u00f3n y la crianza de los hijos","publisher":{"@id":"https:\/\/www.micole.net\/blog\/#organization"},"potentialAction":[{"@type":"SearchAction","target":{"@type":"EntryPoint","urlTemplate":"https:\/\/www.micole.net\/blog\/?s={search_term_string}"},"query-input":{"@type":"PropertyValueSpecification","valueRequired":true,"valueName":"search_term_string"}}],"inLanguage":"es"},{"@type":"Organization","@id":"https:\/\/www.micole.net\/blog\/#organization","name":"Micole","url":"https:\/\/www.micole.net\/blog\/","logo":{"@type":"ImageObject","inLanguage":"es","@id":"https:\/\/www.micole.net\/blog\/#\/schema\/logo\/image\/","url":"https:\/\/www.micole.net\/blog\/wp-content\/uploads\/2019\/12\/logo.png","contentUrl":"https:\/\/www.micole.net\/blog\/wp-content\/uploads\/2019\/12\/logo.png","width":1200,"height":1200,"caption":"Micole"},"image":{"@id":"https:\/\/www.micole.net\/blog\/#\/schema\/logo\/image\/"},"sameAs":["https:\/\/www.facebook.com\/micoleoficial\/","https:\/\/www.instagram.com\/micoleoficial\/"]},{"@type":"Person","@id":"https:\/\/www.micole.net\/blog\/#\/schema\/person\/861e4d9a8ce4499d9c106c2ac39f8951","name":"El equipo de Micole","image":{"@type":"ImageObject","inLanguage":"es","@id":"https:\/\/www.micole.net\/blog\/#\/schema\/person\/image\/","url":"https:\/\/secure.gravatar.com\/avatar\/1cd164d7ed5bce011a362aac715fce0d7731ec230263bea587c3176ae3cf4290?s=96&d=mm&r=g","contentUrl":"https:\/\/secure.gravatar.com\/avatar\/1cd164d7ed5bce011a362aac715fce0d7731ec230263bea587c3176ae3cf4290?s=96&d=mm&r=g","caption":"El equipo de Micole"}}]}},"_links":{"self":[{"href":"https:\/\/www.micole.net\/blog\/wp-json\/wp\/v2\/posts\/7124","targetHints":{"allow":["GET"]}}],"collection":[{"href":"https:\/\/www.micole.net\/blog\/wp-json\/wp\/v2\/posts"}],"about":[{"href":"https:\/\/www.micole.net\/blog\/wp-json\/wp\/v2\/types\/post"}],"author":[{"embeddable":true,"href":"https:\/\/www.micole.net\/blog\/wp-json\/wp\/v2\/users\/1"}],"replies":[{"embeddable":true,"href":"https:\/\/www.micole.net\/blog\/wp-json\/wp\/v2\/comments?post=7124"}],"version-history":[{"count":0,"href":"https:\/\/www.micole.net\/blog\/wp-json\/wp\/v2\/posts\/7124\/revisions"}],"wp:featuredmedia":[{"embeddable":true,"href":"https:\/\/www.micole.net\/blog\/wp-json\/wp\/v2\/media\/7125"}],"wp:attachment":[{"href":"https:\/\/www.micole.net\/blog\/wp-json\/wp\/v2\/media?parent=7124"}],"wp:term":[{"taxonomy":"category","embeddable":true,"href":"https:\/\/www.micole.net\/blog\/wp-json\/wp\/v2\/categories?post=7124"},{"taxonomy":"post_tag","embeddable":true,"href":"https:\/\/www.micole.net\/blog\/wp-json\/wp\/v2\/tags?post=7124"}],"curies":[{"name":"wp","href":"https:\/\/api.w.org\/{rel}","templated":true}]}}