{"id":6667,"date":"2025-01-31T15:58:55","date_gmt":"2025-01-31T14:58:55","guid":{"rendered":"https:\/\/www.micole.net\/blog\/?p=6667"},"modified":"2025-02-03T15:41:45","modified_gmt":"2025-02-03T14:41:45","slug":"la-educacion-en-valores-es-un-pilar-fundamental","status":"publish","type":"post","link":"https:\/\/www.micole.net\/blog\/educacion\/la-educacion-en-valores-es-un-pilar-fundamental\/","title":{"rendered":"La Educaci\u00f3n en Valores es un pilar fundamental"},"content":{"rendered":"\n<p>En un mundo cada vez m\u00e1s complejo y diverso, la educaci\u00f3n en valores se ha convertido en un pilar fundamental para el desarrollo integral de los ni\u00f1os y j\u00f3venes. No se trata solo de impartir conocimientos acad\u00e9micos, sino de formar individuos capaces de convivir en sociedad, respetar a los dem\u00e1s y tomar decisiones \u00e9ticas.<\/p>\n\n\n\n<p><\/p>\n\n\n\n<h2 class=\"wp-block-heading\">\u00bfQu\u00e9 es la Educaci\u00f3n en Valores?<\/h2>\n\n\n\n<p><\/p>\n\n\n\n<p>La Educaci\u00f3n en Valores es un pilar fundamental en el proceso mediante el cual se ense\u00f1an y se fomentan principios \u00e9ticos y morales que gu\u00edan el comportamiento de las personas. Estos valores incluyen el respeto, la responsabilidad, la honestidad, la empat\u00eda, la solidaridad, entre otros. La finalidad es que los estudiantes no solo adquieran conocimientos, sino que tambi\u00e9n desarrollen una conciencia cr\u00edtica y un sentido de justicia.<\/p>\n\n\n\n<p><\/p>\n\n\n\n<h2 class=\"wp-block-heading\">Beneficios de la Educaci\u00f3n en Valores<\/h2>\n\n\n\n<p><\/p>\n\n\n\n<ol class=\"wp-block-list\">\n<li><strong>Desarrollo Personal<\/strong>: Los valores ayudan a los estudiantes a construir una identidad s\u00f3lida y a desarrollar una autoestima positiva. Les proporcionan un marco de referencia para entender qui\u00e9nes son y qu\u00e9 es importante para ellos.<\/li>\n\n\n\n<li><strong>Convivencia Social<\/strong>: Fomentar valores como el respeto y la empat\u00eda mejora la convivencia en el aula y en la comunidad. Los estudiantes aprenden a valorar las diferencias y a resolver conflictos de manera pac\u00edfica.<\/li>\n\n\n\n<li><strong>Toma de Decisiones \u00c9ticas<\/strong>: La educaci\u00f3n en valores prepara a los estudiantes para enfrentar dilemas morales y tomar decisiones basadas en principios \u00e9ticos. Esto es crucial en un mundo donde las decisiones pueden tener un impacto significativo en la vida de los dem\u00e1s.<\/li>\n\n\n\n<li><strong>Responsabilidad Ciudadana<\/strong>: Los valores como la solidaridad y la justicia social fomentan un sentido de responsabilidad hacia la comunidad y el medio ambiente. Los estudiantes aprenden la importancia de contribuir al bienestar com\u00fan.<\/li>\n<\/ol>\n\n\n\n<p><\/p>\n\n\n\n<h2 class=\"wp-block-heading\">C\u00f3mo Implementar la Educaci\u00f3n en Valores<\/h2>\n\n\n\n<p><\/p>\n\n\n\n<ol class=\"wp-block-list\">\n<li><strong>Integraci\u00f3n en el Curr\u00edculo<\/strong>: Los valores deben ser parte integral del curr\u00edculo escolar. Esto puede lograrse a trav\u00e9s de asignaturas espec\u00edficas, pero tambi\u00e9n integr\u00e1ndolos en todas las \u00e1reas de estudio.<\/li>\n\n\n\n<li><strong>Ejemplo del Profesorado<\/strong>: Los docentes juegan un papel crucial en la educaci\u00f3n en valores. Deben ser modelos a seguir, demostrando en su comportamiento diario los valores que desean inculcar en sus estudiantes.<\/li>\n\n\n\n<li><strong>Actividades y Proyectos<\/strong>: Organizar actividades y proyectos que promuevan la reflexi\u00f3n y la pr\u00e1ctica de valores. Esto puede incluir debates, trabajos en grupo, voluntariado y proyectos comunitarios.<\/li>\n\n\n\n<li><strong>Entorno Escolar<\/strong>: Crear un ambiente escolar que refleje y promueva los valores. Esto incluye pol\u00edticas de convivencia, espacios de di\u00e1logo y un clima de respeto y colaboraci\u00f3n.<\/li>\n<\/ol>\n\n\n\n<p><\/p>\n\n\n\n<h2 class=\"wp-block-heading\">La importancia de una Formaci\u00f3n Integral<\/h2>\n\n\n\n<p><\/p>\n\n\n\n<figure class=\"wp-block-image size-large\"><img fetchpriority=\"high\" decoding=\"async\" width=\"1024\" height=\"682\" src=\"https:\/\/www.micole.net\/blog\/wp-content\/uploads\/2025\/01\/educar_en_valores_2-1024x682.webp\" alt=\"La Educaci\u00f3n en Valores es un pilar fundamental\" class=\"wp-image-6669\" srcset=\"https:\/\/www.micole.net\/blog\/wp-content\/uploads\/2025\/01\/educar_en_valores_2-1024x682.webp 1024w, https:\/\/www.micole.net\/blog\/wp-content\/uploads\/2025\/01\/educar_en_valores_2-600x400.webp 600w, https:\/\/www.micole.net\/blog\/wp-content\/uploads\/2025\/01\/educar_en_valores_2-768x512.webp 768w, https:\/\/www.micole.net\/blog\/wp-content\/uploads\/2025\/01\/educar_en_valores_2-1536x1024.webp 1536w, https:\/\/www.micole.net\/blog\/wp-content\/uploads\/2025\/01\/educar_en_valores_2.webp 1772w\" sizes=\"(max-width: 1024px) 100vw, 1024px\" \/><\/figure>\n\n\n\n<p><\/p>\n\n\n\n<p>La educaci\u00f3n en valores es un pilar fundamental y esencial para formar individuos completos y ciudadanos responsables. No solo prepara a los estudiantes para enfrentar los desaf\u00edos del mundo actual, sino que tambi\u00e9n contribuye a la construcci\u00f3n de una sociedad m\u00e1s justa y equitativa.<\/p>\n\n\n\n<p>En el <strong><a href=\"https:\/\/www.micole.net\/guadalajara\/siguenza\/colegio-episcopal-sagrada-familia-de-siguenza\" target=\"_blank\" rel=\"noreferrer noopener\">Colegio Episcopal Sagrada Familia de Sig\u00fcenza<\/a><\/strong> (Guadalajara) se esfuerzan por ofrecer una formaci\u00f3n integral que combina excelencia acad\u00e9mica con valores fundamentales como la interioridad, la apertura-compromiso, la autonom\u00eda, el equilibrio emocional y personal y la corresponsabilidad. Estos pilares no solo mejoran el rendimiento acad\u00e9mico, sino que tambi\u00e9n fomentan una actitud positiva hacia el estudio y la vida.<\/p>\n\n\n\n<p>Ellos entienden que la educaci\u00f3n va m\u00e1s all\u00e1 del aula; dando importancia a la dimensi\u00f3n humana de sus estudiantes y la colaboraci\u00f3n activa con las familias, para construir a\u00f1o tras a\u00f1o la familia SAFA-URSULINAS.<\/p>\n\n\n\n<p>Si est\u00e1s buscando un centro escolar que comparta tu compromiso con la educaci\u00f3n en valores, ofrezca un ambiente propicio para el estudio y el trabajo, promueva h\u00e1bitos saludables con el deporte como estilo de vida, el uso responsable de las nuevas tecnolog\u00edas y la gesti\u00f3n eficaz del tiempo, este colegio puede ser una buena opci\u00f3n para ser parte del crecimiento y desarrollo de tus hijos.<\/p>\n\n\n\n<p>Los centros deben estar comprometidos en ofrecer una educaci\u00f3n integral que incluya la ense\u00f1anza de valores fundamentales. Al educar en valores, estamos formando a los l\u00edderes del ma\u00f1ana, capaces de hacer del mundo un lugar mejor. La educaci\u00f3n en valores es un pilar fundamental de nuestra sociedad.<\/p>\n","protected":false},"excerpt":{"rendered":"<p>En un mundo cada vez m\u00e1s complejo y diverso, la educaci\u00f3n en valores se ha convertido en un pilar fundamental para el desarrollo integral de los ni\u00f1os y j\u00f3venes. No se trata solo de impartir conocimientos acad\u00e9micos, sino de formar individuos capaces de convivir en sociedad, respetar a los dem\u00e1s y tomar decisiones \u00e9ticas. \u00bfQu\u00e9 &hellip;<\/p>\n<p class=\"read-more\"> <a class=\"\" href=\"https:\/\/www.micole.net\/blog\/educacion\/la-educacion-en-valores-es-un-pilar-fundamental\/\"> <span class=\"screen-reader-text\">La Educaci\u00f3n en Valores es un pilar fundamental<\/span> Leer m\u00e1s &raquo;<\/a><\/p>\n","protected":false},"author":1,"featured_media":6697,"comment_status":"open","ping_status":"open","sticky":false,"template":"","format":"standard","meta":{"content-type":"","sfsi_plus_gutenberg_text_before_share":"","sfsi_plus_gutenberg_show_text_before_share":"","sfsi_plus_gutenberg_icon_type":"","sfsi_plus_gutenberg_icon_alignemt":"","sfsi_plus_gutenburg_max_per_row":"","site-sidebar-layout":"default","site-content-layout":"","ast-site-content-layout":"default","site-content-style":"default","site-sidebar-style":"default","ast-global-header-display":"","ast-banner-title-visibility":"","ast-main-header-display":"","ast-hfb-above-header-display":"","ast-hfb-below-header-display":"","ast-hfb-mobile-header-display":"","site-post-title":"","ast-breadcrumbs-content":"","ast-featured-img":"","footer-sml-layout":"","theme-transparent-header-meta":"","adv-header-id-meta":"","stick-header-meta":"","header-above-stick-meta":"","header-main-stick-meta":"","header-below-stick-meta":"","astra-migrate-meta-layouts":"set","footnotes":""},"categories":[61],"tags":[],"class_list":["post-6667","post","type-post","status-publish","format-standard","has-post-thumbnail","hentry","category-educacion"],"yoast_head":"<!-- This site is optimized with the Yoast SEO plugin v26.9 - https:\/\/yoast.com\/product\/yoast-seo-wordpress\/ -->\n<title>La Educaci\u00f3n en Valores es un pilar fundamental - Blog Micole<\/title>\n<meta name=\"description\" content=\"En un mundo cada vez m\u00e1s complejo y diverso, la educaci\u00f3n en valores se ha convertido en un pilar fundamental para el desarrollo integral.\" \/>\n<meta name=\"robots\" content=\"index, follow, max-snippet:-1, max-image-preview:large, max-video-preview:-1\" \/>\n<link rel=\"canonical\" href=\"https:\/\/www.micole.net\/blog\/educacion\/la-educacion-en-valores-es-un-pilar-fundamental\/\" \/>\n<meta property=\"og:locale\" content=\"es_ES\" \/>\n<meta property=\"og:type\" content=\"article\" \/>\n<meta property=\"og:title\" content=\"La Educaci\u00f3n en Valores es un pilar fundamental - Blog Micole\" \/>\n<meta property=\"og:description\" content=\"En un mundo cada vez m\u00e1s complejo y diverso, la educaci\u00f3n en valores se ha convertido en un pilar fundamental para el desarrollo integral.\" \/>\n<meta property=\"og:url\" content=\"https:\/\/www.micole.net\/blog\/educacion\/la-educacion-en-valores-es-un-pilar-fundamental\/\" \/>\n<meta property=\"og:site_name\" content=\"Blog Micole\" \/>\n<meta property=\"article:publisher\" content=\"https:\/\/www.facebook.com\/micoleoficial\/\" \/>\n<meta property=\"article:published_time\" content=\"2025-01-31T14:58:55+00:00\" \/>\n<meta property=\"article:modified_time\" content=\"2025-02-03T14:41:45+00:00\" \/>\n<meta property=\"og:image\" content=\"https:\/\/www.micole.net\/blog\/wp-content\/uploads\/2025\/01\/image-1024x767.png\" \/>\n\t<meta property=\"og:image:width\" content=\"1024\" \/>\n\t<meta property=\"og:image:height\" content=\"767\" \/>\n\t<meta property=\"og:image:type\" content=\"image\/png\" \/>\n<meta name=\"author\" content=\"El equipo de Micole\" \/>\n<meta name=\"twitter:card\" content=\"summary_large_image\" \/>\n<meta name=\"twitter:label1\" content=\"Escrito por\" \/>\n\t<meta name=\"twitter:data1\" content=\"El equipo de Micole\" \/>\n\t<meta name=\"twitter:label2\" content=\"Tiempo de lectura\" \/>\n\t<meta name=\"twitter:data2\" content=\"4 minutos\" \/>\n<script type=\"application\/ld+json\" class=\"yoast-schema-graph\">{\"@context\":\"https:\/\/schema.org\",\"@graph\":[{\"@type\":\"Article\",\"@id\":\"https:\/\/www.micole.net\/blog\/educacion\/la-educacion-en-valores-es-un-pilar-fundamental\/#article\",\"isPartOf\":{\"@id\":\"https:\/\/www.micole.net\/blog\/educacion\/la-educacion-en-valores-es-un-pilar-fundamental\/\"},\"author\":{\"name\":\"El equipo de Micole\",\"@id\":\"https:\/\/www.micole.net\/blog\/#\/schema\/person\/861e4d9a8ce4499d9c106c2ac39f8951\"},\"headline\":\"La Educaci\u00f3n en Valores es un pilar fundamental\",\"datePublished\":\"2025-01-31T14:58:55+00:00\",\"dateModified\":\"2025-02-03T14:41:45+00:00\",\"mainEntityOfPage\":{\"@id\":\"https:\/\/www.micole.net\/blog\/educacion\/la-educacion-en-valores-es-un-pilar-fundamental\/\"},\"wordCount\":729,\"commentCount\":0,\"publisher\":{\"@id\":\"https:\/\/www.micole.net\/blog\/#organization\"},\"image\":{\"@id\":\"https:\/\/www.micole.net\/blog\/educacion\/la-educacion-en-valores-es-un-pilar-fundamental\/#primaryimage\"},\"thumbnailUrl\":\"https:\/\/www.micole.net\/blog\/wp-content\/uploads\/2025\/01\/image.png\",\"articleSection\":[\"Educaci\u00f3n\"],\"inLanguage\":\"es\",\"potentialAction\":[{\"@type\":\"CommentAction\",\"name\":\"Comment\",\"target\":[\"https:\/\/www.micole.net\/blog\/educacion\/la-educacion-en-valores-es-un-pilar-fundamental\/#respond\"]}]},{\"@type\":\"WebPage\",\"@id\":\"https:\/\/www.micole.net\/blog\/educacion\/la-educacion-en-valores-es-un-pilar-fundamental\/\",\"url\":\"https:\/\/www.micole.net\/blog\/educacion\/la-educacion-en-valores-es-un-pilar-fundamental\/\",\"name\":\"La Educaci\u00f3n en Valores es un pilar fundamental - Blog Micole\",\"isPartOf\":{\"@id\":\"https:\/\/www.micole.net\/blog\/#website\"},\"primaryImageOfPage\":{\"@id\":\"https:\/\/www.micole.net\/blog\/educacion\/la-educacion-en-valores-es-un-pilar-fundamental\/#primaryimage\"},\"image\":{\"@id\":\"https:\/\/www.micole.net\/blog\/educacion\/la-educacion-en-valores-es-un-pilar-fundamental\/#primaryimage\"},\"thumbnailUrl\":\"https:\/\/www.micole.net\/blog\/wp-content\/uploads\/2025\/01\/image.png\",\"datePublished\":\"2025-01-31T14:58:55+00:00\",\"dateModified\":\"2025-02-03T14:41:45+00:00\",\"description\":\"En un mundo cada vez m\u00e1s complejo y diverso, la educaci\u00f3n en valores se ha convertido en un pilar fundamental para el desarrollo integral.\",\"breadcrumb\":{\"@id\":\"https:\/\/www.micole.net\/blog\/educacion\/la-educacion-en-valores-es-un-pilar-fundamental\/#breadcrumb\"},\"inLanguage\":\"es\",\"potentialAction\":[{\"@type\":\"ReadAction\",\"target\":[\"https:\/\/www.micole.net\/blog\/educacion\/la-educacion-en-valores-es-un-pilar-fundamental\/\"]}]},{\"@type\":\"ImageObject\",\"inLanguage\":\"es\",\"@id\":\"https:\/\/www.micole.net\/blog\/educacion\/la-educacion-en-valores-es-un-pilar-fundamental\/#primaryimage\",\"url\":\"https:\/\/www.micole.net\/blog\/wp-content\/uploads\/2025\/01\/image.png\",\"contentUrl\":\"https:\/\/www.micole.net\/blog\/wp-content\/uploads\/2025\/01\/image.png\",\"width\":2872,\"height\":2152},{\"@type\":\"BreadcrumbList\",\"@id\":\"https:\/\/www.micole.net\/blog\/educacion\/la-educacion-en-valores-es-un-pilar-fundamental\/#breadcrumb\",\"itemListElement\":[{\"@type\":\"ListItem\",\"position\":1,\"name\":\"Portada\",\"item\":\"https:\/\/www.micole.net\/blog\/\"},{\"@type\":\"ListItem\",\"position\":2,\"name\":\"La Educaci\u00f3n en Valores es un pilar fundamental\"}]},{\"@type\":\"WebSite\",\"@id\":\"https:\/\/www.micole.net\/blog\/#website\",\"url\":\"https:\/\/www.micole.net\/blog\/\",\"name\":\"Blog Micole\",\"description\":\"En el Blog de Micole encontrar\u00e1s contenido y recursos relacionados con la educaci\u00f3n y la crianza de los hijos\",\"publisher\":{\"@id\":\"https:\/\/www.micole.net\/blog\/#organization\"},\"potentialAction\":[{\"@type\":\"SearchAction\",\"target\":{\"@type\":\"EntryPoint\",\"urlTemplate\":\"https:\/\/www.micole.net\/blog\/?s={search_term_string}\"},\"query-input\":{\"@type\":\"PropertyValueSpecification\",\"valueRequired\":true,\"valueName\":\"search_term_string\"}}],\"inLanguage\":\"es\"},{\"@type\":\"Organization\",\"@id\":\"https:\/\/www.micole.net\/blog\/#organization\",\"name\":\"Micole\",\"url\":\"https:\/\/www.micole.net\/blog\/\",\"logo\":{\"@type\":\"ImageObject\",\"inLanguage\":\"es\",\"@id\":\"https:\/\/www.micole.net\/blog\/#\/schema\/logo\/image\/\",\"url\":\"https:\/\/www.micole.net\/blog\/wp-content\/uploads\/2019\/12\/logo.png\",\"contentUrl\":\"https:\/\/www.micole.net\/blog\/wp-content\/uploads\/2019\/12\/logo.png\",\"width\":1200,\"height\":1200,\"caption\":\"Micole\"},\"image\":{\"@id\":\"https:\/\/www.micole.net\/blog\/#\/schema\/logo\/image\/\"},\"sameAs\":[\"https:\/\/www.facebook.com\/micoleoficial\/\",\"https:\/\/www.instagram.com\/micoleoficial\/\"]},{\"@type\":\"Person\",\"@id\":\"https:\/\/www.micole.net\/blog\/#\/schema\/person\/861e4d9a8ce4499d9c106c2ac39f8951\",\"name\":\"El equipo de Micole\",\"image\":{\"@type\":\"ImageObject\",\"inLanguage\":\"es\",\"@id\":\"https:\/\/www.micole.net\/blog\/#\/schema\/person\/image\/\",\"url\":\"https:\/\/secure.gravatar.com\/avatar\/1cd164d7ed5bce011a362aac715fce0d7731ec230263bea587c3176ae3cf4290?s=96&d=mm&r=g\",\"contentUrl\":\"https:\/\/secure.gravatar.com\/avatar\/1cd164d7ed5bce011a362aac715fce0d7731ec230263bea587c3176ae3cf4290?s=96&d=mm&r=g\",\"caption\":\"El equipo de Micole\"}}]}<\/script>\n<!-- \/ Yoast SEO plugin. -->","yoast_head_json":{"title":"La Educaci\u00f3n en Valores es un pilar fundamental - Blog Micole","description":"En un mundo cada vez m\u00e1s complejo y diverso, la educaci\u00f3n en valores se ha convertido en un pilar fundamental para el desarrollo integral.","robots":{"index":"index","follow":"follow","max-snippet":"max-snippet:-1","max-image-preview":"max-image-preview:large","max-video-preview":"max-video-preview:-1"},"canonical":"https:\/\/www.micole.net\/blog\/educacion\/la-educacion-en-valores-es-un-pilar-fundamental\/","og_locale":"es_ES","og_type":"article","og_title":"La Educaci\u00f3n en Valores es un pilar fundamental - Blog Micole","og_description":"En un mundo cada vez m\u00e1s complejo y diverso, la educaci\u00f3n en valores se ha convertido en un pilar fundamental para el desarrollo integral.","og_url":"https:\/\/www.micole.net\/blog\/educacion\/la-educacion-en-valores-es-un-pilar-fundamental\/","og_site_name":"Blog Micole","article_publisher":"https:\/\/www.facebook.com\/micoleoficial\/","article_published_time":"2025-01-31T14:58:55+00:00","article_modified_time":"2025-02-03T14:41:45+00:00","og_image":[{"width":1024,"height":767,"url":"https:\/\/www.micole.net\/blog\/wp-content\/uploads\/2025\/01\/image-1024x767.png","type":"image\/png"}],"author":"El equipo de Micole","twitter_card":"summary_large_image","twitter_misc":{"Escrito por":"El equipo de Micole","Tiempo de lectura":"4 minutos"},"schema":{"@context":"https:\/\/schema.org","@graph":[{"@type":"Article","@id":"https:\/\/www.micole.net\/blog\/educacion\/la-educacion-en-valores-es-un-pilar-fundamental\/#article","isPartOf":{"@id":"https:\/\/www.micole.net\/blog\/educacion\/la-educacion-en-valores-es-un-pilar-fundamental\/"},"author":{"name":"El equipo de Micole","@id":"https:\/\/www.micole.net\/blog\/#\/schema\/person\/861e4d9a8ce4499d9c106c2ac39f8951"},"headline":"La Educaci\u00f3n en Valores es un pilar fundamental","datePublished":"2025-01-31T14:58:55+00:00","dateModified":"2025-02-03T14:41:45+00:00","mainEntityOfPage":{"@id":"https:\/\/www.micole.net\/blog\/educacion\/la-educacion-en-valores-es-un-pilar-fundamental\/"},"wordCount":729,"commentCount":0,"publisher":{"@id":"https:\/\/www.micole.net\/blog\/#organization"},"image":{"@id":"https:\/\/www.micole.net\/blog\/educacion\/la-educacion-en-valores-es-un-pilar-fundamental\/#primaryimage"},"thumbnailUrl":"https:\/\/www.micole.net\/blog\/wp-content\/uploads\/2025\/01\/image.png","articleSection":["Educaci\u00f3n"],"inLanguage":"es","potentialAction":[{"@type":"CommentAction","name":"Comment","target":["https:\/\/www.micole.net\/blog\/educacion\/la-educacion-en-valores-es-un-pilar-fundamental\/#respond"]}]},{"@type":"WebPage","@id":"https:\/\/www.micole.net\/blog\/educacion\/la-educacion-en-valores-es-un-pilar-fundamental\/","url":"https:\/\/www.micole.net\/blog\/educacion\/la-educacion-en-valores-es-un-pilar-fundamental\/","name":"La Educaci\u00f3n en Valores es un pilar fundamental - Blog Micole","isPartOf":{"@id":"https:\/\/www.micole.net\/blog\/#website"},"primaryImageOfPage":{"@id":"https:\/\/www.micole.net\/blog\/educacion\/la-educacion-en-valores-es-un-pilar-fundamental\/#primaryimage"},"image":{"@id":"https:\/\/www.micole.net\/blog\/educacion\/la-educacion-en-valores-es-un-pilar-fundamental\/#primaryimage"},"thumbnailUrl":"https:\/\/www.micole.net\/blog\/wp-content\/uploads\/2025\/01\/image.png","datePublished":"2025-01-31T14:58:55+00:00","dateModified":"2025-02-03T14:41:45+00:00","description":"En un mundo cada vez m\u00e1s complejo y diverso, la educaci\u00f3n en valores se ha convertido en un pilar fundamental para el desarrollo integral.","breadcrumb":{"@id":"https:\/\/www.micole.net\/blog\/educacion\/la-educacion-en-valores-es-un-pilar-fundamental\/#breadcrumb"},"inLanguage":"es","potentialAction":[{"@type":"ReadAction","target":["https:\/\/www.micole.net\/blog\/educacion\/la-educacion-en-valores-es-un-pilar-fundamental\/"]}]},{"@type":"ImageObject","inLanguage":"es","@id":"https:\/\/www.micole.net\/blog\/educacion\/la-educacion-en-valores-es-un-pilar-fundamental\/#primaryimage","url":"https:\/\/www.micole.net\/blog\/wp-content\/uploads\/2025\/01\/image.png","contentUrl":"https:\/\/www.micole.net\/blog\/wp-content\/uploads\/2025\/01\/image.png","width":2872,"height":2152},{"@type":"BreadcrumbList","@id":"https:\/\/www.micole.net\/blog\/educacion\/la-educacion-en-valores-es-un-pilar-fundamental\/#breadcrumb","itemListElement":[{"@type":"ListItem","position":1,"name":"Portada","item":"https:\/\/www.micole.net\/blog\/"},{"@type":"ListItem","position":2,"name":"La Educaci\u00f3n en Valores es un pilar fundamental"}]},{"@type":"WebSite","@id":"https:\/\/www.micole.net\/blog\/#website","url":"https:\/\/www.micole.net\/blog\/","name":"Blog Micole","description":"En el Blog de Micole encontrar\u00e1s contenido y recursos relacionados con la educaci\u00f3n y la crianza de los hijos","publisher":{"@id":"https:\/\/www.micole.net\/blog\/#organization"},"potentialAction":[{"@type":"SearchAction","target":{"@type":"EntryPoint","urlTemplate":"https:\/\/www.micole.net\/blog\/?s={search_term_string}"},"query-input":{"@type":"PropertyValueSpecification","valueRequired":true,"valueName":"search_term_string"}}],"inLanguage":"es"},{"@type":"Organization","@id":"https:\/\/www.micole.net\/blog\/#organization","name":"Micole","url":"https:\/\/www.micole.net\/blog\/","logo":{"@type":"ImageObject","inLanguage":"es","@id":"https:\/\/www.micole.net\/blog\/#\/schema\/logo\/image\/","url":"https:\/\/www.micole.net\/blog\/wp-content\/uploads\/2019\/12\/logo.png","contentUrl":"https:\/\/www.micole.net\/blog\/wp-content\/uploads\/2019\/12\/logo.png","width":1200,"height":1200,"caption":"Micole"},"image":{"@id":"https:\/\/www.micole.net\/blog\/#\/schema\/logo\/image\/"},"sameAs":["https:\/\/www.facebook.com\/micoleoficial\/","https:\/\/www.instagram.com\/micoleoficial\/"]},{"@type":"Person","@id":"https:\/\/www.micole.net\/blog\/#\/schema\/person\/861e4d9a8ce4499d9c106c2ac39f8951","name":"El equipo de Micole","image":{"@type":"ImageObject","inLanguage":"es","@id":"https:\/\/www.micole.net\/blog\/#\/schema\/person\/image\/","url":"https:\/\/secure.gravatar.com\/avatar\/1cd164d7ed5bce011a362aac715fce0d7731ec230263bea587c3176ae3cf4290?s=96&d=mm&r=g","contentUrl":"https:\/\/secure.gravatar.com\/avatar\/1cd164d7ed5bce011a362aac715fce0d7731ec230263bea587c3176ae3cf4290?s=96&d=mm&r=g","caption":"El equipo de Micole"}}]}},"_links":{"self":[{"href":"https:\/\/www.micole.net\/blog\/wp-json\/wp\/v2\/posts\/6667","targetHints":{"allow":["GET"]}}],"collection":[{"href":"https:\/\/www.micole.net\/blog\/wp-json\/wp\/v2\/posts"}],"about":[{"href":"https:\/\/www.micole.net\/blog\/wp-json\/wp\/v2\/types\/post"}],"author":[{"embeddable":true,"href":"https:\/\/www.micole.net\/blog\/wp-json\/wp\/v2\/users\/1"}],"replies":[{"embeddable":true,"href":"https:\/\/www.micole.net\/blog\/wp-json\/wp\/v2\/comments?post=6667"}],"version-history":[{"count":0,"href":"https:\/\/www.micole.net\/blog\/wp-json\/wp\/v2\/posts\/6667\/revisions"}],"wp:featuredmedia":[{"embeddable":true,"href":"https:\/\/www.micole.net\/blog\/wp-json\/wp\/v2\/media\/6697"}],"wp:attachment":[{"href":"https:\/\/www.micole.net\/blog\/wp-json\/wp\/v2\/media?parent=6667"}],"wp:term":[{"taxonomy":"category","embeddable":true,"href":"https:\/\/www.micole.net\/blog\/wp-json\/wp\/v2\/categories?post=6667"},{"taxonomy":"post_tag","embeddable":true,"href":"https:\/\/www.micole.net\/blog\/wp-json\/wp\/v2\/tags?post=6667"}],"curies":[{"name":"wp","href":"https:\/\/api.w.org\/{rel}","templated":true}]}}