{"id":6648,"date":"2025-01-07T11:15:49","date_gmt":"2025-01-07T10:15:49","guid":{"rendered":"https:\/\/www.micole.net\/blog\/?p=6648"},"modified":"2025-01-07T11:20:34","modified_gmt":"2025-01-07T10:20:34","slug":"la-importancia-de-educar-en-los-derechos-de-la-infancia","status":"publish","type":"post","link":"https:\/\/www.micole.net\/blog\/educacion\/la-importancia-de-educar-en-los-derechos-de-la-infancia\/","title":{"rendered":"La importancia de educar en los Derechos de la Infancia"},"content":{"rendered":"\n<p>La educaci\u00f3n en los derechos de la infancia es crucial para el desarrollo humano, fomentando respeto, equidad y dignidad desde una edad temprana. Ense\u00f1ar a los ni\u00f1os sobre sus derechos les proporciona herramientas para entender su lugar en el mundo y les ayuda a reconocer y defenderse de situaciones de abuso o discriminaci\u00f3n. Esta es la importancia de educar en los Derechos de la Infancia.<\/p>\n\n\n\n<p><\/p>\n\n\n\n<h2 class=\"wp-block-heading\">Desarrollar Conciencia desde una Edad Temprana<\/h2>\n\n\n\n<p><\/p>\n\n\n\n<p>Educar en los derechos de la infancia implica m\u00e1s que transmitir normas; se trata de cultivar una conciencia profunda sobre el valor de cada individuo. Conocer sus derechos aumenta la autoestima y el sentido de autovaloraci\u00f3n de los ni\u00f1os.<\/p>\n\n\n\n<h2 class=\"wp-block-heading\">Promover la Igualdad y la Equidad<\/h2>\n\n\n\n<p><\/p>\n\n\n\n<p>La educaci\u00f3n en derechos humanos ayuda a los ni\u00f1os a entender la importancia de respetar las diferencias y luchar contra estereotipos y prejuicios, promoviendo una sociedad m\u00e1s inclusiva y justa.<\/p>\n\n\n\n<h2 class=\"wp-block-heading\">Empoderar a los Ni\u00f1os como Agentes de Cambio<\/h2>\n\n\n\n<p><\/p>\n\n\n\n<p>Un ni\u00f1o que comprende sus derechos se convierte en un defensor activo, no solo para s\u00ed mismo, sino tambi\u00e9n para los dem\u00e1s. Este empoderamiento fomenta la participaci\u00f3n<br>activa en la construcci\u00f3n de un mundo m\u00e1s justo.<\/p>\n\n\n\n<h2 class=\"wp-block-heading\">Centros Referentes en Educaci\u00f3n en Derechos de Infancia<\/h2>\n\n\n\n<p><\/p>\n\n\n\n<p>UNICEF reconoce cada curso a Centros Referentes en Educaci\u00f3n en Derechos de Infancia. Uno de ellos, es el <strong><a href=\"https:\/\/www.micole.net\/guadalajara\/siguenza\/colegio-episcopal-sagrada-familia-de-siguenza\" target=\"_blank\" rel=\"noreferrer noopener\">Colegio Episcopal Sagrada Familia de Sig\u00fcenza (Guadalajara)<\/a><\/strong>, que renueva un a\u00f1o m\u00e1s su reconocimiento como un centro de referencia en los derechos de la infancia, destacando su compromiso con la Convenci\u00f3n sobre los Derechos del Ni\u00f1o.<\/p>\n\n\n\n<figure class=\"wp-block-image size-large\"><img fetchpriority=\"high\" decoding=\"async\" width=\"1024\" height=\"682\" src=\"https:\/\/www.micole.net\/blog\/wp-content\/uploads\/2025\/01\/derechos_infancia_2-1024x682.webp\" alt=\"Centros Referentes en Educaci\u00f3n en Derechos de Infancia\" class=\"wp-image-6657\" srcset=\"https:\/\/www.micole.net\/blog\/wp-content\/uploads\/2025\/01\/derechos_infancia_2-1024x682.webp 1024w, https:\/\/www.micole.net\/blog\/wp-content\/uploads\/2025\/01\/derechos_infancia_2-600x400.webp 600w, https:\/\/www.micole.net\/blog\/wp-content\/uploads\/2025\/01\/derechos_infancia_2-768x512.webp 768w, https:\/\/www.micole.net\/blog\/wp-content\/uploads\/2025\/01\/derechos_infancia_2-1536x1024.webp 1536w, https:\/\/www.micole.net\/blog\/wp-content\/uploads\/2025\/01\/derechos_infancia_2.webp 1772w\" sizes=\"(max-width: 1024px) 100vw, 1024px\" \/><\/figure>\n\n\n\n<p><\/p>\n\n\n\n<p>Este distintivo valora el trabajo continuo y sostenible de los centros en cuatro \u00e1reas:<\/p>\n\n\n\n<ul class=\"wp-block-list\">\n<li>El <strong>conocimiento de los derechos de la infancia por parte de la comunidad educativa<\/strong> (incluyendo alumnado, familias, docentes y trabajadores del centro).<\/li>\n\n\n\n<li>La <strong>protecci\u00f3n de la infancia y la adolescencia<\/strong>, tanto en lo relativo a la prevenci\u00f3n como al abordaje de situaciones problem\u00e1ticas.<\/li>\n\n\n\n<li>La <strong>participaci\u00f3n infantil y adolescente en distintos aspectos de la vida escolar<\/strong>.<\/li>\n\n\n\n<li>El <strong>clima escolar y el desarrollo de un entorno<\/strong> de aprendizaje y convivencia respetuoso con los derechos de todos.<\/li>\n<\/ul>\n\n\n\n<p>Estos reconocimientos, iniciados en 2017, no premian iniciativas puntuales, sino el compromiso constante con la educaci\u00f3n en derechos. Los centros son evaluados y acompa\u00f1ados por asesores de UNICEF, y se les otorgan diferentes niveles de reconocimiento seg\u00fan su grado de cumplimiento. Este a\u00f1o, el Colegio Episcopal Sagrada Familia ha sido reconocido con el nivel 3, el m\u00e1ximo grado de calificaci\u00f3n en relaci\u00f3n a la importancia de educar en los Derechos de la Infancia.<\/p>\n\n\n\n<p>Se puede acceder aqu\u00ed al <a href=\"https:\/\/www.unicef.es\/educa\/centros-referentes-listado\">Listado de centros reconocidos en esta convocatoria<\/a>.<\/p>\n\n\n\n<h2 class=\"wp-block-heading\">Conclusi\u00f3n<\/h2>\n\n\n\n<p><\/p>\n\n\n\n<p>La educaci\u00f3n en los derechos de la infancia es fundamental para construir una sociedad que valore y proteja la dignidad de cada ni\u00f1o. Es una inversi\u00f3n a largo plazo que beneficia no solo a los ni\u00f1os, sino a toda la sociedad, fomentando un entorno de igualdad, tolerancia y empat\u00eda.<\/p>\n","protected":false},"excerpt":{"rendered":"<p>La educaci\u00f3n en los derechos de la infancia es crucial para el desarrollo humano, fomentando respeto, equidad y dignidad desde una edad temprana. Ense\u00f1ar a los ni\u00f1os sobre sus derechos les proporciona herramientas para entender su lugar en el mundo y les ayuda a reconocer y defenderse de situaciones de abuso o discriminaci\u00f3n. Esta es &hellip;<\/p>\n<p class=\"read-more\"> <a class=\"\" href=\"https:\/\/www.micole.net\/blog\/educacion\/la-importancia-de-educar-en-los-derechos-de-la-infancia\/\"> <span class=\"screen-reader-text\">La importancia de educar en los Derechos de la Infancia<\/span> Leer m\u00e1s &raquo;<\/a><\/p>\n","protected":false},"author":1,"featured_media":6649,"comment_status":"open","ping_status":"open","sticky":false,"template":"","format":"standard","meta":{"content-type":"","sfsi_plus_gutenberg_text_before_share":"","sfsi_plus_gutenberg_show_text_before_share":"","sfsi_plus_gutenberg_icon_type":"","sfsi_plus_gutenberg_icon_alignemt":"","sfsi_plus_gutenburg_max_per_row":"","site-sidebar-layout":"default","site-content-layout":"","ast-site-content-layout":"default","site-content-style":"default","site-sidebar-style":"default","ast-global-header-display":"","ast-banner-title-visibility":"","ast-main-header-display":"","ast-hfb-above-header-display":"","ast-hfb-below-header-display":"","ast-hfb-mobile-header-display":"","site-post-title":"","ast-breadcrumbs-content":"","ast-featured-img":"","footer-sml-layout":"","theme-transparent-header-meta":"","adv-header-id-meta":"","stick-header-meta":"","header-above-stick-meta":"","header-main-stick-meta":"","header-below-stick-meta":"","astra-migrate-meta-layouts":"set","footnotes":""},"categories":[61],"tags":[],"class_list":["post-6648","post","type-post","status-publish","format-standard","has-post-thumbnail","hentry","category-educacion"],"yoast_head":"<!-- This site is optimized with the Yoast SEO plugin v26.9 - https:\/\/yoast.com\/product\/yoast-seo-wordpress\/ -->\n<title>La importancia de educar en los Derechos de la Infancia - Blog Micole<\/title>\n<meta name=\"description\" content=\"La importancia de educar en los Derechos de la Infancia es crucial para el desarrollo humano, fomentando respeto, equidad y dignidad.\" \/>\n<meta name=\"robots\" content=\"index, follow, max-snippet:-1, max-image-preview:large, max-video-preview:-1\" \/>\n<link rel=\"canonical\" href=\"https:\/\/www.micole.net\/blog\/educacion\/la-importancia-de-educar-en-los-derechos-de-la-infancia\/\" \/>\n<meta property=\"og:locale\" content=\"es_ES\" \/>\n<meta property=\"og:type\" content=\"article\" \/>\n<meta property=\"og:title\" content=\"La importancia de educar en los Derechos de la Infancia - Blog Micole\" \/>\n<meta property=\"og:description\" content=\"La importancia de educar en los Derechos de la Infancia es crucial para el desarrollo humano, fomentando respeto, equidad y dignidad.\" \/>\n<meta property=\"og:url\" content=\"https:\/\/www.micole.net\/blog\/educacion\/la-importancia-de-educar-en-los-derechos-de-la-infancia\/\" \/>\n<meta property=\"og:site_name\" content=\"Blog Micole\" \/>\n<meta property=\"article:publisher\" content=\"https:\/\/www.facebook.com\/micoleoficial\/\" \/>\n<meta property=\"article:published_time\" content=\"2025-01-07T10:15:49+00:00\" \/>\n<meta property=\"article:modified_time\" content=\"2025-01-07T10:20:34+00:00\" \/>\n<meta property=\"og:image\" content=\"https:\/\/www.micole.net\/blog\/wp-content\/uploads\/2025\/01\/derechos_infancia_1.webp\" \/>\n\t<meta property=\"og:image:width\" content=\"1772\" \/>\n\t<meta property=\"og:image:height\" content=\"1181\" \/>\n\t<meta property=\"og:image:type\" content=\"image\/webp\" \/>\n<meta name=\"author\" content=\"El equipo de Micole\" \/>\n<meta name=\"twitter:card\" content=\"summary_large_image\" \/>\n<meta name=\"twitter:label1\" content=\"Escrito por\" \/>\n\t<meta name=\"twitter:data1\" content=\"El equipo de Micole\" \/>\n\t<meta name=\"twitter:label2\" content=\"Tiempo de lectura\" \/>\n\t<meta name=\"twitter:data2\" content=\"3 minutos\" \/>\n<script type=\"application\/ld+json\" class=\"yoast-schema-graph\">{\"@context\":\"https:\/\/schema.org\",\"@graph\":[{\"@type\":\"Article\",\"@id\":\"https:\/\/www.micole.net\/blog\/educacion\/la-importancia-de-educar-en-los-derechos-de-la-infancia\/#article\",\"isPartOf\":{\"@id\":\"https:\/\/www.micole.net\/blog\/educacion\/la-importancia-de-educar-en-los-derechos-de-la-infancia\/\"},\"author\":{\"name\":\"El equipo de Micole\",\"@id\":\"https:\/\/www.micole.net\/blog\/#\/schema\/person\/861e4d9a8ce4499d9c106c2ac39f8951\"},\"headline\":\"La importancia de educar en los Derechos de la Infancia\",\"datePublished\":\"2025-01-07T10:15:49+00:00\",\"dateModified\":\"2025-01-07T10:20:34+00:00\",\"mainEntityOfPage\":{\"@id\":\"https:\/\/www.micole.net\/blog\/educacion\/la-importancia-de-educar-en-los-derechos-de-la-infancia\/\"},\"wordCount\":523,\"commentCount\":0,\"publisher\":{\"@id\":\"https:\/\/www.micole.net\/blog\/#organization\"},\"image\":{\"@id\":\"https:\/\/www.micole.net\/blog\/educacion\/la-importancia-de-educar-en-los-derechos-de-la-infancia\/#primaryimage\"},\"thumbnailUrl\":\"https:\/\/www.micole.net\/blog\/wp-content\/uploads\/2025\/01\/derechos_infancia_1.webp\",\"articleSection\":[\"Educaci\u00f3n\"],\"inLanguage\":\"es\",\"potentialAction\":[{\"@type\":\"CommentAction\",\"name\":\"Comment\",\"target\":[\"https:\/\/www.micole.net\/blog\/educacion\/la-importancia-de-educar-en-los-derechos-de-la-infancia\/#respond\"]}]},{\"@type\":\"WebPage\",\"@id\":\"https:\/\/www.micole.net\/blog\/educacion\/la-importancia-de-educar-en-los-derechos-de-la-infancia\/\",\"url\":\"https:\/\/www.micole.net\/blog\/educacion\/la-importancia-de-educar-en-los-derechos-de-la-infancia\/\",\"name\":\"La importancia de educar en los Derechos de la Infancia - Blog Micole\",\"isPartOf\":{\"@id\":\"https:\/\/www.micole.net\/blog\/#website\"},\"primaryImageOfPage\":{\"@id\":\"https:\/\/www.micole.net\/blog\/educacion\/la-importancia-de-educar-en-los-derechos-de-la-infancia\/#primaryimage\"},\"image\":{\"@id\":\"https:\/\/www.micole.net\/blog\/educacion\/la-importancia-de-educar-en-los-derechos-de-la-infancia\/#primaryimage\"},\"thumbnailUrl\":\"https:\/\/www.micole.net\/blog\/wp-content\/uploads\/2025\/01\/derechos_infancia_1.webp\",\"datePublished\":\"2025-01-07T10:15:49+00:00\",\"dateModified\":\"2025-01-07T10:20:34+00:00\",\"description\":\"La importancia de educar en los Derechos de la Infancia es crucial para el desarrollo humano, fomentando respeto, equidad y dignidad.\",\"breadcrumb\":{\"@id\":\"https:\/\/www.micole.net\/blog\/educacion\/la-importancia-de-educar-en-los-derechos-de-la-infancia\/#breadcrumb\"},\"inLanguage\":\"es\",\"potentialAction\":[{\"@type\":\"ReadAction\",\"target\":[\"https:\/\/www.micole.net\/blog\/educacion\/la-importancia-de-educar-en-los-derechos-de-la-infancia\/\"]}]},{\"@type\":\"ImageObject\",\"inLanguage\":\"es\",\"@id\":\"https:\/\/www.micole.net\/blog\/educacion\/la-importancia-de-educar-en-los-derechos-de-la-infancia\/#primaryimage\",\"url\":\"https:\/\/www.micole.net\/blog\/wp-content\/uploads\/2025\/01\/derechos_infancia_1.webp\",\"contentUrl\":\"https:\/\/www.micole.net\/blog\/wp-content\/uploads\/2025\/01\/derechos_infancia_1.webp\",\"width\":1772,\"height\":1181,\"caption\":\"La importancia de educar en los Derechos de la Infancia\"},{\"@type\":\"BreadcrumbList\",\"@id\":\"https:\/\/www.micole.net\/blog\/educacion\/la-importancia-de-educar-en-los-derechos-de-la-infancia\/#breadcrumb\",\"itemListElement\":[{\"@type\":\"ListItem\",\"position\":1,\"name\":\"Portada\",\"item\":\"https:\/\/www.micole.net\/blog\/\"},{\"@type\":\"ListItem\",\"position\":2,\"name\":\"La importancia de educar en los Derechos de la Infancia\"}]},{\"@type\":\"WebSite\",\"@id\":\"https:\/\/www.micole.net\/blog\/#website\",\"url\":\"https:\/\/www.micole.net\/blog\/\",\"name\":\"Blog Micole\",\"description\":\"En el Blog de Micole encontrar\u00e1s contenido y recursos relacionados con la educaci\u00f3n y la crianza de los hijos\",\"publisher\":{\"@id\":\"https:\/\/www.micole.net\/blog\/#organization\"},\"potentialAction\":[{\"@type\":\"SearchAction\",\"target\":{\"@type\":\"EntryPoint\",\"urlTemplate\":\"https:\/\/www.micole.net\/blog\/?s={search_term_string}\"},\"query-input\":{\"@type\":\"PropertyValueSpecification\",\"valueRequired\":true,\"valueName\":\"search_term_string\"}}],\"inLanguage\":\"es\"},{\"@type\":\"Organization\",\"@id\":\"https:\/\/www.micole.net\/blog\/#organization\",\"name\":\"Micole\",\"url\":\"https:\/\/www.micole.net\/blog\/\",\"logo\":{\"@type\":\"ImageObject\",\"inLanguage\":\"es\",\"@id\":\"https:\/\/www.micole.net\/blog\/#\/schema\/logo\/image\/\",\"url\":\"https:\/\/www.micole.net\/blog\/wp-content\/uploads\/2019\/12\/logo.png\",\"contentUrl\":\"https:\/\/www.micole.net\/blog\/wp-content\/uploads\/2019\/12\/logo.png\",\"width\":1200,\"height\":1200,\"caption\":\"Micole\"},\"image\":{\"@id\":\"https:\/\/www.micole.net\/blog\/#\/schema\/logo\/image\/\"},\"sameAs\":[\"https:\/\/www.facebook.com\/micoleoficial\/\",\"https:\/\/www.instagram.com\/micoleoficial\/\"]},{\"@type\":\"Person\",\"@id\":\"https:\/\/www.micole.net\/blog\/#\/schema\/person\/861e4d9a8ce4499d9c106c2ac39f8951\",\"name\":\"El equipo de Micole\",\"image\":{\"@type\":\"ImageObject\",\"inLanguage\":\"es\",\"@id\":\"https:\/\/www.micole.net\/blog\/#\/schema\/person\/image\/\",\"url\":\"https:\/\/secure.gravatar.com\/avatar\/1cd164d7ed5bce011a362aac715fce0d7731ec230263bea587c3176ae3cf4290?s=96&d=mm&r=g\",\"contentUrl\":\"https:\/\/secure.gravatar.com\/avatar\/1cd164d7ed5bce011a362aac715fce0d7731ec230263bea587c3176ae3cf4290?s=96&d=mm&r=g\",\"caption\":\"El equipo de Micole\"}}]}<\/script>\n<!-- \/ Yoast SEO plugin. -->","yoast_head_json":{"title":"La importancia de educar en los Derechos de la Infancia - Blog Micole","description":"La importancia de educar en los Derechos de la Infancia es crucial para el desarrollo humano, fomentando respeto, equidad y dignidad.","robots":{"index":"index","follow":"follow","max-snippet":"max-snippet:-1","max-image-preview":"max-image-preview:large","max-video-preview":"max-video-preview:-1"},"canonical":"https:\/\/www.micole.net\/blog\/educacion\/la-importancia-de-educar-en-los-derechos-de-la-infancia\/","og_locale":"es_ES","og_type":"article","og_title":"La importancia de educar en los Derechos de la Infancia - Blog Micole","og_description":"La importancia de educar en los Derechos de la Infancia es crucial para el desarrollo humano, fomentando respeto, equidad y dignidad.","og_url":"https:\/\/www.micole.net\/blog\/educacion\/la-importancia-de-educar-en-los-derechos-de-la-infancia\/","og_site_name":"Blog Micole","article_publisher":"https:\/\/www.facebook.com\/micoleoficial\/","article_published_time":"2025-01-07T10:15:49+00:00","article_modified_time":"2025-01-07T10:20:34+00:00","og_image":[{"width":1772,"height":1181,"url":"https:\/\/www.micole.net\/blog\/wp-content\/uploads\/2025\/01\/derechos_infancia_1.webp","type":"image\/webp"}],"author":"El equipo de Micole","twitter_card":"summary_large_image","twitter_misc":{"Escrito por":"El equipo de Micole","Tiempo de lectura":"3 minutos"},"schema":{"@context":"https:\/\/schema.org","@graph":[{"@type":"Article","@id":"https:\/\/www.micole.net\/blog\/educacion\/la-importancia-de-educar-en-los-derechos-de-la-infancia\/#article","isPartOf":{"@id":"https:\/\/www.micole.net\/blog\/educacion\/la-importancia-de-educar-en-los-derechos-de-la-infancia\/"},"author":{"name":"El equipo de Micole","@id":"https:\/\/www.micole.net\/blog\/#\/schema\/person\/861e4d9a8ce4499d9c106c2ac39f8951"},"headline":"La importancia de educar en los Derechos de la Infancia","datePublished":"2025-01-07T10:15:49+00:00","dateModified":"2025-01-07T10:20:34+00:00","mainEntityOfPage":{"@id":"https:\/\/www.micole.net\/blog\/educacion\/la-importancia-de-educar-en-los-derechos-de-la-infancia\/"},"wordCount":523,"commentCount":0,"publisher":{"@id":"https:\/\/www.micole.net\/blog\/#organization"},"image":{"@id":"https:\/\/www.micole.net\/blog\/educacion\/la-importancia-de-educar-en-los-derechos-de-la-infancia\/#primaryimage"},"thumbnailUrl":"https:\/\/www.micole.net\/blog\/wp-content\/uploads\/2025\/01\/derechos_infancia_1.webp","articleSection":["Educaci\u00f3n"],"inLanguage":"es","potentialAction":[{"@type":"CommentAction","name":"Comment","target":["https:\/\/www.micole.net\/blog\/educacion\/la-importancia-de-educar-en-los-derechos-de-la-infancia\/#respond"]}]},{"@type":"WebPage","@id":"https:\/\/www.micole.net\/blog\/educacion\/la-importancia-de-educar-en-los-derechos-de-la-infancia\/","url":"https:\/\/www.micole.net\/blog\/educacion\/la-importancia-de-educar-en-los-derechos-de-la-infancia\/","name":"La importancia de educar en los Derechos de la Infancia - Blog Micole","isPartOf":{"@id":"https:\/\/www.micole.net\/blog\/#website"},"primaryImageOfPage":{"@id":"https:\/\/www.micole.net\/blog\/educacion\/la-importancia-de-educar-en-los-derechos-de-la-infancia\/#primaryimage"},"image":{"@id":"https:\/\/www.micole.net\/blog\/educacion\/la-importancia-de-educar-en-los-derechos-de-la-infancia\/#primaryimage"},"thumbnailUrl":"https:\/\/www.micole.net\/blog\/wp-content\/uploads\/2025\/01\/derechos_infancia_1.webp","datePublished":"2025-01-07T10:15:49+00:00","dateModified":"2025-01-07T10:20:34+00:00","description":"La importancia de educar en los Derechos de la Infancia es crucial para el desarrollo humano, fomentando respeto, equidad y dignidad.","breadcrumb":{"@id":"https:\/\/www.micole.net\/blog\/educacion\/la-importancia-de-educar-en-los-derechos-de-la-infancia\/#breadcrumb"},"inLanguage":"es","potentialAction":[{"@type":"ReadAction","target":["https:\/\/www.micole.net\/blog\/educacion\/la-importancia-de-educar-en-los-derechos-de-la-infancia\/"]}]},{"@type":"ImageObject","inLanguage":"es","@id":"https:\/\/www.micole.net\/blog\/educacion\/la-importancia-de-educar-en-los-derechos-de-la-infancia\/#primaryimage","url":"https:\/\/www.micole.net\/blog\/wp-content\/uploads\/2025\/01\/derechos_infancia_1.webp","contentUrl":"https:\/\/www.micole.net\/blog\/wp-content\/uploads\/2025\/01\/derechos_infancia_1.webp","width":1772,"height":1181,"caption":"La importancia de educar en los Derechos de la Infancia"},{"@type":"BreadcrumbList","@id":"https:\/\/www.micole.net\/blog\/educacion\/la-importancia-de-educar-en-los-derechos-de-la-infancia\/#breadcrumb","itemListElement":[{"@type":"ListItem","position":1,"name":"Portada","item":"https:\/\/www.micole.net\/blog\/"},{"@type":"ListItem","position":2,"name":"La importancia de educar en los Derechos de la Infancia"}]},{"@type":"WebSite","@id":"https:\/\/www.micole.net\/blog\/#website","url":"https:\/\/www.micole.net\/blog\/","name":"Blog Micole","description":"En el Blog de Micole encontrar\u00e1s contenido y recursos relacionados con la educaci\u00f3n y la crianza de los hijos","publisher":{"@id":"https:\/\/www.micole.net\/blog\/#organization"},"potentialAction":[{"@type":"SearchAction","target":{"@type":"EntryPoint","urlTemplate":"https:\/\/www.micole.net\/blog\/?s={search_term_string}"},"query-input":{"@type":"PropertyValueSpecification","valueRequired":true,"valueName":"search_term_string"}}],"inLanguage":"es"},{"@type":"Organization","@id":"https:\/\/www.micole.net\/blog\/#organization","name":"Micole","url":"https:\/\/www.micole.net\/blog\/","logo":{"@type":"ImageObject","inLanguage":"es","@id":"https:\/\/www.micole.net\/blog\/#\/schema\/logo\/image\/","url":"https:\/\/www.micole.net\/blog\/wp-content\/uploads\/2019\/12\/logo.png","contentUrl":"https:\/\/www.micole.net\/blog\/wp-content\/uploads\/2019\/12\/logo.png","width":1200,"height":1200,"caption":"Micole"},"image":{"@id":"https:\/\/www.micole.net\/blog\/#\/schema\/logo\/image\/"},"sameAs":["https:\/\/www.facebook.com\/micoleoficial\/","https:\/\/www.instagram.com\/micoleoficial\/"]},{"@type":"Person","@id":"https:\/\/www.micole.net\/blog\/#\/schema\/person\/861e4d9a8ce4499d9c106c2ac39f8951","name":"El equipo de Micole","image":{"@type":"ImageObject","inLanguage":"es","@id":"https:\/\/www.micole.net\/blog\/#\/schema\/person\/image\/","url":"https:\/\/secure.gravatar.com\/avatar\/1cd164d7ed5bce011a362aac715fce0d7731ec230263bea587c3176ae3cf4290?s=96&d=mm&r=g","contentUrl":"https:\/\/secure.gravatar.com\/avatar\/1cd164d7ed5bce011a362aac715fce0d7731ec230263bea587c3176ae3cf4290?s=96&d=mm&r=g","caption":"El equipo de Micole"}}]}},"_links":{"self":[{"href":"https:\/\/www.micole.net\/blog\/wp-json\/wp\/v2\/posts\/6648","targetHints":{"allow":["GET"]}}],"collection":[{"href":"https:\/\/www.micole.net\/blog\/wp-json\/wp\/v2\/posts"}],"about":[{"href":"https:\/\/www.micole.net\/blog\/wp-json\/wp\/v2\/types\/post"}],"author":[{"embeddable":true,"href":"https:\/\/www.micole.net\/blog\/wp-json\/wp\/v2\/users\/1"}],"replies":[{"embeddable":true,"href":"https:\/\/www.micole.net\/blog\/wp-json\/wp\/v2\/comments?post=6648"}],"version-history":[{"count":0,"href":"https:\/\/www.micole.net\/blog\/wp-json\/wp\/v2\/posts\/6648\/revisions"}],"wp:featuredmedia":[{"embeddable":true,"href":"https:\/\/www.micole.net\/blog\/wp-json\/wp\/v2\/media\/6649"}],"wp:attachment":[{"href":"https:\/\/www.micole.net\/blog\/wp-json\/wp\/v2\/media?parent=6648"}],"wp:term":[{"taxonomy":"category","embeddable":true,"href":"https:\/\/www.micole.net\/blog\/wp-json\/wp\/v2\/categories?post=6648"},{"taxonomy":"post_tag","embeddable":true,"href":"https:\/\/www.micole.net\/blog\/wp-json\/wp\/v2\/tags?post=6648"}],"curies":[{"name":"wp","href":"https:\/\/api.w.org\/{rel}","templated":true}]}}