{"id":577,"date":"2020-04-27T15:45:59","date_gmt":"2020-04-27T13:45:59","guid":{"rendered":"https:\/\/www.micole.net\/blog\/?p=577"},"modified":"2022-08-07T11:51:17","modified_gmt":"2022-08-07T09:51:17","slug":"derecho-admision-colegios-privados-matricula","status":"publish","type":"post","link":"https:\/\/www.micole.net\/blog\/elegir-colegio\/derecho-admision-colegios-privados-matricula\/","title":{"rendered":"Derecho de admisi\u00f3n en colegios privados"},"content":{"rendered":"\n<p>Todos los ni\u00f1os y todas las ni\u00f1as con edades comprendidas entre los seis y los diecis\u00e9is a\u00f1os est\u00e1n obligados a recibir educaci\u00f3n primaria y secundaria. Sin embargo, nuestra Constituci\u00f3n admite la libertad de creaci\u00f3n de centros docentes de muy diferentes naturalezas. Por eso encontramos centros educativos de titularidad p\u00fablica y centros educativos de titularidad privada. Cada uno con sus propios requisitios de admisi\u00f3n. \u00bfPero cu\u00e1les son los requisitos de <strong>derecho de admisi\u00f3n de los colegios privados<\/strong>?<\/p>\n\n\n\n<h2 class=\"wp-block-heading\">Matr\u00edcula en colegios privados<\/h2>\n\n\n\n<p>\u00bfTe\ngustar\u00eda poder seleccionar el centro donde estudiar\u00e1 tu hijo o tu hija con el\nobjetivo de controlar mejor bajo qu\u00e9 modelo educativo aprende? \u00a1Es\ncompletamente entendible! Pero cuando optamos por esta opci\u00f3n debemos tener muy\nen cuenta las particularidades de los colegios privados. A continuaci\u00f3n te\nhablaremos acerca de estas particularidades. Sin embargo, antes queremos\nrecordarte que en Micole estamos siempre a tu disposici\u00f3n para ayudarte con la\nselecci\u00f3n y la <strong>matr\u00edcula de colegios privados<\/strong>. \u00a1Siempre!<\/p>\n\n\n\n<p>Dicho esto, vayamos al grano. Como apunt\u00e1bamos antes, los colegios privados tienen libertad para fijar sus propios requisitos de admisi\u00f3n. Siempre, claro est\u00e1, que no vulneren los derechos de las personas. Y en ese sentido para formalizar la <strong>matr\u00edcula de colegios privados<\/strong> puede requerir una documentaci\u00f3n diferente que depende de cada centro escolar privado en particular. Por esto desde Micole os recomendamos poneros en marcha cuanto antes. Debemos solicitar la plaza con tiempo para no quedarnos sin ella.<\/p>\n\n\n\n<h2 class=\"wp-block-heading\">Colegios privados y su derecho de admisi\u00f3n<\/h2>\n\n\n\n<p>La pregunta\nque os estar\u00e9is haciendo en este momento es la siguiente: \u00bfqu\u00e9 documentos\npueden solicitar a la hora de formalizar una matr\u00edcula en un colegio privado?\nPues muy diversos. Uno de los m\u00e1s habituales en el <strong>derecho de admisi\u00f3n en\ncolegios privados<\/strong> es el documento que acredita el historial educativo del\nmenor.&nbsp; Eso responde a un requisito\nfundamental para muchos centros educativos privados: la excelencia. Y por eso\nes importante tenerlo siempre con nosotros antes de postular a alguna plaza\nprivada.<\/p>\n\n\n\n<p>Pero no es\nel \u00fanico. Tambi\u00e9n es muy com\u00fan que los <strong>colegios privados en Espa\u00f1a<\/strong>\nsoliciten el informe escolar y una carta de recomendaci\u00f3n. En muchos casos,\nadem\u00e1s, uno de los requisitos claves para ser aceptado en uno de estos colegios\nes la superaci\u00f3n de una prueba de nivel. Esto ocurre especialmente en los\ncolegios en los que la ense\u00f1anza tiene lugar en un idioma diferente del\ncastellano. Sea como sustitutito o complemento a este \u00faltimo. En ese aspecto,\nsuele ser necesario acreditar un nivel determinado.<\/p>\n\n\n\n<h3 class=\"wp-block-heading\">Ley de colegios privados<\/h3>\n\n\n\n<p>El <strong>derecho\nde admisi\u00f3n de los colegios privados<\/strong> est\u00e1 contemplado y, por tanto,\nlegitimado completamente por el marco jur\u00eddico espa\u00f1ol. Por supuesto, y como ya\nse\u00f1alamos antes, este derecho de admisi\u00f3n deber\u00e1 responder a criterios\nobjetivos que no incurran en ning\u00fan tipo de discriminaci\u00f3n. El margen es la\nlegalidad y el respeto a los derechos fundamentales de las personas, pero ese\nmargen es muy amplio. Tanto es as\u00ed que no solo se tienen en cuenta aspectos\nmeramente acad\u00e9micos a la hora de admitir alumnos nuevos.<\/p>\n\n\n\n<p>Por ejemplo, uno de los factores m\u00e1s importantes a la hora de considerar una candidatura para una escuela o un instituto privado es la participaci\u00f3n de alg\u00fan otro miembro de la familia en dicha escuela o instituto. Y eso sirve tanto para el momento presente como para el pasado. Seg\u00fan la <strong>ley de colegios privados<\/strong>, que uno o m\u00e1s hermanos del solicitante estudien en ese centro educativo resulta diferencial. Lo mismo ocurre en el caso de que los padres estudiar\u00e1n en \u00e9l en su infancia o juventud. \u00bfTienes m\u00e1s dudas? \u00a1En <a aria-label=\"Micole (se abre en una nueva pesta\u00f1a)\" href=\"https:\/\/www.micole.net\/\" target=\"_blank\" rel=\"noreferrer noopener\"><strong>Micole<\/strong><\/a> las resolvemos!<\/p>\n\n\n\n<p><strong>\u00bfEst\u00e1s buscando colegio y necesitas ayuda personalizada? <\/strong>En ese caso te recomendamos que veas c\u00f3mo podemos echarte una mano desde Micole.<\/p>\n\n\n\n<div class=\"wp-block-buttons is-content-justification-center is-layout-flex wp-block-buttons-is-layout-flex\">\n<div class=\"wp-block-button\"><a class=\"wp-block-button__link\" href=\"https:\/\/www.micole.net\/blog\/ayuda-buscar-colegio\/\" target=\"_blank\" rel=\"noreferrer noopener\">Ver la ayuda personalizada para buscar colegio<\/a><\/div>\n<\/div>\n","protected":false},"excerpt":{"rendered":"<p>Todos los ni\u00f1os y todas las ni\u00f1as con edades comprendidas entre los seis y los diecis\u00e9is a\u00f1os est\u00e1n obligados a recibir educaci\u00f3n primaria y secundaria. Sin embargo, nuestra Constituci\u00f3n admite la libertad de creaci\u00f3n de centros docentes de muy diferentes naturalezas. Por eso encontramos centros educativos de titularidad p\u00fablica y centros educativos de titularidad privada. &hellip;<\/p>\n<p class=\"read-more\"> <a class=\"\" href=\"https:\/\/www.micole.net\/blog\/elegir-colegio\/derecho-admision-colegios-privados-matricula\/\"> <span class=\"screen-reader-text\">Derecho de admisi\u00f3n en colegios privados<\/span> Leer m\u00e1s &raquo;<\/a><\/p>\n","protected":false},"author":1,"featured_media":578,"comment_status":"open","ping_status":"open","sticky":false,"template":"","format":"standard","meta":{"content-type":"","sfsi_plus_gutenberg_text_before_share":"","sfsi_plus_gutenberg_show_text_before_share":"","sfsi_plus_gutenberg_icon_type":"","sfsi_plus_gutenberg_icon_alignemt":"","sfsi_plus_gutenburg_max_per_row":"","site-sidebar-layout":"default","site-content-layout":"","ast-site-content-layout":"","site-content-style":"default","site-sidebar-style":"default","ast-global-header-display":"","ast-banner-title-visibility":"","ast-main-header-display":"","ast-hfb-above-header-display":"","ast-hfb-below-header-display":"","ast-hfb-mobile-header-display":"","site-post-title":"","ast-breadcrumbs-content":"","ast-featured-img":"","footer-sml-layout":"","theme-transparent-header-meta":"","adv-header-id-meta":"","stick-header-meta":"","header-above-stick-meta":"","header-main-stick-meta":"","header-below-stick-meta":"","astra-migrate-meta-layouts":"","footnotes":""},"categories":[8],"tags":[],"class_list":["post-577","post","type-post","status-publish","format-standard","has-post-thumbnail","hentry","category-elegir-colegio"],"yoast_head":"<!-- This site is optimized with the Yoast SEO plugin v26.9 - https:\/\/yoast.com\/product\/yoast-seo-wordpress\/ -->\n<title>Derecho de admisi\u00f3n en colegios privados | Matr\u00edcula<\/title>\n<meta name=\"description\" content=\"Derecho de admisi\u00f3n en colegios privados - Explicamos c\u00f3mo funciona la gesti\u00f3n de la matr\u00edcula en estos centros educativos seg\u00fan la ley espa\u00f1ola .\" \/>\n<meta name=\"robots\" content=\"index, follow, max-snippet:-1, max-image-preview:large, max-video-preview:-1\" \/>\n<link rel=\"canonical\" href=\"https:\/\/www.micole.net\/blog\/elegir-colegio\/derecho-admision-colegios-privados-matricula\/\" \/>\n<meta property=\"og:locale\" content=\"es_ES\" \/>\n<meta property=\"og:type\" content=\"article\" \/>\n<meta property=\"og:title\" content=\"Derecho de admisi\u00f3n en colegios privados | Matr\u00edcula\" \/>\n<meta property=\"og:description\" content=\"Derecho de admisi\u00f3n en colegios privados - Explicamos c\u00f3mo funciona la gesti\u00f3n de la matr\u00edcula en estos centros educativos seg\u00fan la ley espa\u00f1ola .\" \/>\n<meta property=\"og:url\" content=\"https:\/\/www.micole.net\/blog\/elegir-colegio\/derecho-admision-colegios-privados-matricula\/\" \/>\n<meta property=\"og:site_name\" content=\"Blog Micole\" \/>\n<meta property=\"article:publisher\" content=\"https:\/\/www.facebook.com\/micoleoficial\/\" \/>\n<meta property=\"article:published_time\" content=\"2020-04-27T13:45:59+00:00\" \/>\n<meta property=\"article:modified_time\" content=\"2022-08-07T09:51:17+00:00\" \/>\n<meta property=\"og:image\" content=\"https:\/\/www.micole.net\/blog\/wp-content\/uploads\/2020\/04\/robin-worrall-QaYcPAO6SIc-unsplash-scaled.jpg\" \/>\n\t<meta property=\"og:image:width\" content=\"2560\" \/>\n\t<meta property=\"og:image:height\" content=\"1707\" \/>\n\t<meta property=\"og:image:type\" content=\"image\/jpeg\" \/>\n<meta name=\"author\" content=\"El equipo de Micole\" \/>\n<meta name=\"twitter:card\" content=\"summary_large_image\" \/>\n<meta name=\"twitter:label1\" content=\"Escrito por\" \/>\n\t<meta name=\"twitter:data1\" content=\"El equipo de Micole\" \/>\n\t<meta name=\"twitter:label2\" content=\"Tiempo de lectura\" \/>\n\t<meta name=\"twitter:data2\" content=\"3 minutos\" \/>\n<script type=\"application\/ld+json\" class=\"yoast-schema-graph\">{\"@context\":\"https:\/\/schema.org\",\"@graph\":[{\"@type\":\"Article\",\"@id\":\"https:\/\/www.micole.net\/blog\/elegir-colegio\/derecho-admision-colegios-privados-matricula\/#article\",\"isPartOf\":{\"@id\":\"https:\/\/www.micole.net\/blog\/elegir-colegio\/derecho-admision-colegios-privados-matricula\/\"},\"author\":{\"name\":\"El equipo de Micole\",\"@id\":\"https:\/\/www.micole.net\/blog\/#\/schema\/person\/861e4d9a8ce4499d9c106c2ac39f8951\"},\"headline\":\"Derecho de admisi\u00f3n en colegios privados\",\"datePublished\":\"2020-04-27T13:45:59+00:00\",\"dateModified\":\"2022-08-07T09:51:17+00:00\",\"mainEntityOfPage\":{\"@id\":\"https:\/\/www.micole.net\/blog\/elegir-colegio\/derecho-admision-colegios-privados-matricula\/\"},\"wordCount\":681,\"commentCount\":0,\"publisher\":{\"@id\":\"https:\/\/www.micole.net\/blog\/#organization\"},\"image\":{\"@id\":\"https:\/\/www.micole.net\/blog\/elegir-colegio\/derecho-admision-colegios-privados-matricula\/#primaryimage\"},\"thumbnailUrl\":\"https:\/\/www.micole.net\/blog\/wp-content\/uploads\/2020\/04\/robin-worrall-QaYcPAO6SIc-unsplash-scaled.jpg\",\"articleSection\":[\"Elegir colegio\"],\"inLanguage\":\"es\",\"potentialAction\":[{\"@type\":\"CommentAction\",\"name\":\"Comment\",\"target\":[\"https:\/\/www.micole.net\/blog\/elegir-colegio\/derecho-admision-colegios-privados-matricula\/#respond\"]}]},{\"@type\":\"WebPage\",\"@id\":\"https:\/\/www.micole.net\/blog\/elegir-colegio\/derecho-admision-colegios-privados-matricula\/\",\"url\":\"https:\/\/www.micole.net\/blog\/elegir-colegio\/derecho-admision-colegios-privados-matricula\/\",\"name\":\"Derecho de admisi\u00f3n en colegios privados | Matr\u00edcula\",\"isPartOf\":{\"@id\":\"https:\/\/www.micole.net\/blog\/#website\"},\"primaryImageOfPage\":{\"@id\":\"https:\/\/www.micole.net\/blog\/elegir-colegio\/derecho-admision-colegios-privados-matricula\/#primaryimage\"},\"image\":{\"@id\":\"https:\/\/www.micole.net\/blog\/elegir-colegio\/derecho-admision-colegios-privados-matricula\/#primaryimage\"},\"thumbnailUrl\":\"https:\/\/www.micole.net\/blog\/wp-content\/uploads\/2020\/04\/robin-worrall-QaYcPAO6SIc-unsplash-scaled.jpg\",\"datePublished\":\"2020-04-27T13:45:59+00:00\",\"dateModified\":\"2022-08-07T09:51:17+00:00\",\"description\":\"Derecho de admisi\u00f3n en colegios privados - Explicamos c\u00f3mo funciona la gesti\u00f3n de la matr\u00edcula en estos centros educativos seg\u00fan la ley espa\u00f1ola .\",\"breadcrumb\":{\"@id\":\"https:\/\/www.micole.net\/blog\/elegir-colegio\/derecho-admision-colegios-privados-matricula\/#breadcrumb\"},\"inLanguage\":\"es\",\"potentialAction\":[{\"@type\":\"ReadAction\",\"target\":[\"https:\/\/www.micole.net\/blog\/elegir-colegio\/derecho-admision-colegios-privados-matricula\/\"]}]},{\"@type\":\"ImageObject\",\"inLanguage\":\"es\",\"@id\":\"https:\/\/www.micole.net\/blog\/elegir-colegio\/derecho-admision-colegios-privados-matricula\/#primaryimage\",\"url\":\"https:\/\/www.micole.net\/blog\/wp-content\/uploads\/2020\/04\/robin-worrall-QaYcPAO6SIc-unsplash-scaled.jpg\",\"contentUrl\":\"https:\/\/www.micole.net\/blog\/wp-content\/uploads\/2020\/04\/robin-worrall-QaYcPAO6SIc-unsplash-scaled.jpg\",\"width\":2560,\"height\":1707,\"caption\":\"admision colegio privado\"},{\"@type\":\"BreadcrumbList\",\"@id\":\"https:\/\/www.micole.net\/blog\/elegir-colegio\/derecho-admision-colegios-privados-matricula\/#breadcrumb\",\"itemListElement\":[{\"@type\":\"ListItem\",\"position\":1,\"name\":\"Portada\",\"item\":\"https:\/\/www.micole.net\/blog\/\"},{\"@type\":\"ListItem\",\"position\":2,\"name\":\"Derecho de admisi\u00f3n en colegios privados\"}]},{\"@type\":\"WebSite\",\"@id\":\"https:\/\/www.micole.net\/blog\/#website\",\"url\":\"https:\/\/www.micole.net\/blog\/\",\"name\":\"Blog Micole\",\"description\":\"En el Blog de Micole encontrar\u00e1s contenido y recursos relacionados con la educaci\u00f3n y la crianza de los hijos\",\"publisher\":{\"@id\":\"https:\/\/www.micole.net\/blog\/#organization\"},\"potentialAction\":[{\"@type\":\"SearchAction\",\"target\":{\"@type\":\"EntryPoint\",\"urlTemplate\":\"https:\/\/www.micole.net\/blog\/?s={search_term_string}\"},\"query-input\":{\"@type\":\"PropertyValueSpecification\",\"valueRequired\":true,\"valueName\":\"search_term_string\"}}],\"inLanguage\":\"es\"},{\"@type\":\"Organization\",\"@id\":\"https:\/\/www.micole.net\/blog\/#organization\",\"name\":\"Micole\",\"url\":\"https:\/\/www.micole.net\/blog\/\",\"logo\":{\"@type\":\"ImageObject\",\"inLanguage\":\"es\",\"@id\":\"https:\/\/www.micole.net\/blog\/#\/schema\/logo\/image\/\",\"url\":\"https:\/\/www.micole.net\/blog\/wp-content\/uploads\/2019\/12\/logo.png\",\"contentUrl\":\"https:\/\/www.micole.net\/blog\/wp-content\/uploads\/2019\/12\/logo.png\",\"width\":1200,\"height\":1200,\"caption\":\"Micole\"},\"image\":{\"@id\":\"https:\/\/www.micole.net\/blog\/#\/schema\/logo\/image\/\"},\"sameAs\":[\"https:\/\/www.facebook.com\/micoleoficial\/\",\"https:\/\/www.instagram.com\/micoleoficial\/\"]},{\"@type\":\"Person\",\"@id\":\"https:\/\/www.micole.net\/blog\/#\/schema\/person\/861e4d9a8ce4499d9c106c2ac39f8951\",\"name\":\"El equipo de Micole\",\"image\":{\"@type\":\"ImageObject\",\"inLanguage\":\"es\",\"@id\":\"https:\/\/www.micole.net\/blog\/#\/schema\/person\/image\/\",\"url\":\"https:\/\/secure.gravatar.com\/avatar\/1cd164d7ed5bce011a362aac715fce0d7731ec230263bea587c3176ae3cf4290?s=96&d=mm&r=g\",\"contentUrl\":\"https:\/\/secure.gravatar.com\/avatar\/1cd164d7ed5bce011a362aac715fce0d7731ec230263bea587c3176ae3cf4290?s=96&d=mm&r=g\",\"caption\":\"El equipo de Micole\"}}]}<\/script>\n<!-- \/ Yoast SEO plugin. -->","yoast_head_json":{"title":"Derecho de admisi\u00f3n en colegios privados | Matr\u00edcula","description":"Derecho de admisi\u00f3n en colegios privados - Explicamos c\u00f3mo funciona la gesti\u00f3n de la matr\u00edcula en estos centros educativos seg\u00fan la ley espa\u00f1ola .","robots":{"index":"index","follow":"follow","max-snippet":"max-snippet:-1","max-image-preview":"max-image-preview:large","max-video-preview":"max-video-preview:-1"},"canonical":"https:\/\/www.micole.net\/blog\/elegir-colegio\/derecho-admision-colegios-privados-matricula\/","og_locale":"es_ES","og_type":"article","og_title":"Derecho de admisi\u00f3n en colegios privados | Matr\u00edcula","og_description":"Derecho de admisi\u00f3n en colegios privados - Explicamos c\u00f3mo funciona la gesti\u00f3n de la matr\u00edcula en estos centros educativos seg\u00fan la ley espa\u00f1ola .","og_url":"https:\/\/www.micole.net\/blog\/elegir-colegio\/derecho-admision-colegios-privados-matricula\/","og_site_name":"Blog Micole","article_publisher":"https:\/\/www.facebook.com\/micoleoficial\/","article_published_time":"2020-04-27T13:45:59+00:00","article_modified_time":"2022-08-07T09:51:17+00:00","og_image":[{"width":2560,"height":1707,"url":"https:\/\/www.micole.net\/blog\/wp-content\/uploads\/2020\/04\/robin-worrall-QaYcPAO6SIc-unsplash-scaled.jpg","type":"image\/jpeg"}],"author":"El equipo de Micole","twitter_card":"summary_large_image","twitter_misc":{"Escrito por":"El equipo de Micole","Tiempo de lectura":"3 minutos"},"schema":{"@context":"https:\/\/schema.org","@graph":[{"@type":"Article","@id":"https:\/\/www.micole.net\/blog\/elegir-colegio\/derecho-admision-colegios-privados-matricula\/#article","isPartOf":{"@id":"https:\/\/www.micole.net\/blog\/elegir-colegio\/derecho-admision-colegios-privados-matricula\/"},"author":{"name":"El equipo de Micole","@id":"https:\/\/www.micole.net\/blog\/#\/schema\/person\/861e4d9a8ce4499d9c106c2ac39f8951"},"headline":"Derecho de admisi\u00f3n en colegios privados","datePublished":"2020-04-27T13:45:59+00:00","dateModified":"2022-08-07T09:51:17+00:00","mainEntityOfPage":{"@id":"https:\/\/www.micole.net\/blog\/elegir-colegio\/derecho-admision-colegios-privados-matricula\/"},"wordCount":681,"commentCount":0,"publisher":{"@id":"https:\/\/www.micole.net\/blog\/#organization"},"image":{"@id":"https:\/\/www.micole.net\/blog\/elegir-colegio\/derecho-admision-colegios-privados-matricula\/#primaryimage"},"thumbnailUrl":"https:\/\/www.micole.net\/blog\/wp-content\/uploads\/2020\/04\/robin-worrall-QaYcPAO6SIc-unsplash-scaled.jpg","articleSection":["Elegir colegio"],"inLanguage":"es","potentialAction":[{"@type":"CommentAction","name":"Comment","target":["https:\/\/www.micole.net\/blog\/elegir-colegio\/derecho-admision-colegios-privados-matricula\/#respond"]}]},{"@type":"WebPage","@id":"https:\/\/www.micole.net\/blog\/elegir-colegio\/derecho-admision-colegios-privados-matricula\/","url":"https:\/\/www.micole.net\/blog\/elegir-colegio\/derecho-admision-colegios-privados-matricula\/","name":"Derecho de admisi\u00f3n en colegios privados | Matr\u00edcula","isPartOf":{"@id":"https:\/\/www.micole.net\/blog\/#website"},"primaryImageOfPage":{"@id":"https:\/\/www.micole.net\/blog\/elegir-colegio\/derecho-admision-colegios-privados-matricula\/#primaryimage"},"image":{"@id":"https:\/\/www.micole.net\/blog\/elegir-colegio\/derecho-admision-colegios-privados-matricula\/#primaryimage"},"thumbnailUrl":"https:\/\/www.micole.net\/blog\/wp-content\/uploads\/2020\/04\/robin-worrall-QaYcPAO6SIc-unsplash-scaled.jpg","datePublished":"2020-04-27T13:45:59+00:00","dateModified":"2022-08-07T09:51:17+00:00","description":"Derecho de admisi\u00f3n en colegios privados - Explicamos c\u00f3mo funciona la gesti\u00f3n de la matr\u00edcula en estos centros educativos seg\u00fan la ley espa\u00f1ola .","breadcrumb":{"@id":"https:\/\/www.micole.net\/blog\/elegir-colegio\/derecho-admision-colegios-privados-matricula\/#breadcrumb"},"inLanguage":"es","potentialAction":[{"@type":"ReadAction","target":["https:\/\/www.micole.net\/blog\/elegir-colegio\/derecho-admision-colegios-privados-matricula\/"]}]},{"@type":"ImageObject","inLanguage":"es","@id":"https:\/\/www.micole.net\/blog\/elegir-colegio\/derecho-admision-colegios-privados-matricula\/#primaryimage","url":"https:\/\/www.micole.net\/blog\/wp-content\/uploads\/2020\/04\/robin-worrall-QaYcPAO6SIc-unsplash-scaled.jpg","contentUrl":"https:\/\/www.micole.net\/blog\/wp-content\/uploads\/2020\/04\/robin-worrall-QaYcPAO6SIc-unsplash-scaled.jpg","width":2560,"height":1707,"caption":"admision colegio privado"},{"@type":"BreadcrumbList","@id":"https:\/\/www.micole.net\/blog\/elegir-colegio\/derecho-admision-colegios-privados-matricula\/#breadcrumb","itemListElement":[{"@type":"ListItem","position":1,"name":"Portada","item":"https:\/\/www.micole.net\/blog\/"},{"@type":"ListItem","position":2,"name":"Derecho de admisi\u00f3n en colegios privados"}]},{"@type":"WebSite","@id":"https:\/\/www.micole.net\/blog\/#website","url":"https:\/\/www.micole.net\/blog\/","name":"Blog Micole","description":"En el Blog de Micole encontrar\u00e1s contenido y recursos relacionados con la educaci\u00f3n y la crianza de los hijos","publisher":{"@id":"https:\/\/www.micole.net\/blog\/#organization"},"potentialAction":[{"@type":"SearchAction","target":{"@type":"EntryPoint","urlTemplate":"https:\/\/www.micole.net\/blog\/?s={search_term_string}"},"query-input":{"@type":"PropertyValueSpecification","valueRequired":true,"valueName":"search_term_string"}}],"inLanguage":"es"},{"@type":"Organization","@id":"https:\/\/www.micole.net\/blog\/#organization","name":"Micole","url":"https:\/\/www.micole.net\/blog\/","logo":{"@type":"ImageObject","inLanguage":"es","@id":"https:\/\/www.micole.net\/blog\/#\/schema\/logo\/image\/","url":"https:\/\/www.micole.net\/blog\/wp-content\/uploads\/2019\/12\/logo.png","contentUrl":"https:\/\/www.micole.net\/blog\/wp-content\/uploads\/2019\/12\/logo.png","width":1200,"height":1200,"caption":"Micole"},"image":{"@id":"https:\/\/www.micole.net\/blog\/#\/schema\/logo\/image\/"},"sameAs":["https:\/\/www.facebook.com\/micoleoficial\/","https:\/\/www.instagram.com\/micoleoficial\/"]},{"@type":"Person","@id":"https:\/\/www.micole.net\/blog\/#\/schema\/person\/861e4d9a8ce4499d9c106c2ac39f8951","name":"El equipo de Micole","image":{"@type":"ImageObject","inLanguage":"es","@id":"https:\/\/www.micole.net\/blog\/#\/schema\/person\/image\/","url":"https:\/\/secure.gravatar.com\/avatar\/1cd164d7ed5bce011a362aac715fce0d7731ec230263bea587c3176ae3cf4290?s=96&d=mm&r=g","contentUrl":"https:\/\/secure.gravatar.com\/avatar\/1cd164d7ed5bce011a362aac715fce0d7731ec230263bea587c3176ae3cf4290?s=96&d=mm&r=g","caption":"El equipo de Micole"}}]}},"_links":{"self":[{"href":"https:\/\/www.micole.net\/blog\/wp-json\/wp\/v2\/posts\/577","targetHints":{"allow":["GET"]}}],"collection":[{"href":"https:\/\/www.micole.net\/blog\/wp-json\/wp\/v2\/posts"}],"about":[{"href":"https:\/\/www.micole.net\/blog\/wp-json\/wp\/v2\/types\/post"}],"author":[{"embeddable":true,"href":"https:\/\/www.micole.net\/blog\/wp-json\/wp\/v2\/users\/1"}],"replies":[{"embeddable":true,"href":"https:\/\/www.micole.net\/blog\/wp-json\/wp\/v2\/comments?post=577"}],"version-history":[{"count":0,"href":"https:\/\/www.micole.net\/blog\/wp-json\/wp\/v2\/posts\/577\/revisions"}],"wp:featuredmedia":[{"embeddable":true,"href":"https:\/\/www.micole.net\/blog\/wp-json\/wp\/v2\/media\/578"}],"wp:attachment":[{"href":"https:\/\/www.micole.net\/blog\/wp-json\/wp\/v2\/media?parent=577"}],"wp:term":[{"taxonomy":"category","embeddable":true,"href":"https:\/\/www.micole.net\/blog\/wp-json\/wp\/v2\/categories?post=577"},{"taxonomy":"post_tag","embeddable":true,"href":"https:\/\/www.micole.net\/blog\/wp-json\/wp\/v2\/tags?post=577"}],"curies":[{"name":"wp","href":"https:\/\/api.w.org\/{rel}","templated":true}]}}