{"id":248,"date":"2020-01-03T10:08:10","date_gmt":"2020-01-03T09:08:10","guid":{"rendered":"http:\/\/www.micole.net\/blog\/?page_id=248"},"modified":"2022-10-05T16:55:32","modified_gmt":"2022-10-05T14:55:32","slug":"observatorio","status":"publish","type":"post","link":"https:\/\/www.micole.net\/blog\/estudios-informes\/observatorio\/","title":{"rendered":"Observatorio de la Educaci\u00f3n"},"content":{"rendered":"\n<p>\u00bfQuieres saber c\u00f3mo est\u00e1 evolucionando la educaci\u00f3n en Espa\u00f1a? En <a href=\"https:\/\/www.micole.net\/\">Micole<\/a> hemos recopilado datos del Ministerio de Educaci\u00f3n y Formaci\u00f3n Profesional para analizar las tendencias y entender hacia d\u00f3nde va.<\/p>\n\n\n\n<h2 class=\"wp-block-heading\">Principales conclusiones del Observatorio de la Educaci\u00f3n<\/h2>\n\n\n\n<h4 class=\"wp-block-heading\">Crecimiento del n\u00famero de colegios seg\u00fan el observatorio de la educaci\u00f3n<\/h4>\n\n\n\n<p>En la \u00faltima d\u00e9cada, el n\u00famero de colegios en Espa\u00f1a ha crecido un +20%, cifra que se eleva hasta un&nbsp;<strong>+34% en el caso de colegios Privados y Concertados.<\/strong><\/p>\n\n\n\n<div class=\"wp-block-image\"><figure class=\"aligncenter size-large\"><img fetchpriority=\"high\" decoding=\"async\" width=\"1024\" height=\"326\" src=\"https:\/\/www.micole.net\/blog\/wp-content\/uploads\/2020\/07\/image-1024x326.png\" alt=\"evolucion del numero de colegios totales\" class=\"wp-image-762\" srcset=\"https:\/\/www.micole.net\/blog\/wp-content\/uploads\/2020\/07\/image-1024x326.png 1024w, https:\/\/www.micole.net\/blog\/wp-content\/uploads\/2020\/07\/image-600x191.png 600w, https:\/\/www.micole.net\/blog\/wp-content\/uploads\/2020\/07\/image-300x96.png 300w, https:\/\/www.micole.net\/blog\/wp-content\/uploads\/2020\/07\/image-768x245.png 768w, https:\/\/www.micole.net\/blog\/wp-content\/uploads\/2020\/07\/image.png 1170w\" sizes=\"(max-width: 1024px) 100vw, 1024px\" \/><figcaption>Evoluci\u00f3n del n\u00famero de colegios totales y crecimiento interanual<\/figcaption><\/figure><\/div>\n\n\n\n<div class=\"wp-block-image\"><figure class=\"aligncenter size-large\"><img decoding=\"async\" width=\"1024\" height=\"323\" src=\"https:\/\/www.micole.net\/blog\/wp-content\/uploads\/2020\/07\/image-2-1024x323.png\" alt=\"analisis conjunto de colegios privados y concertados\" class=\"wp-image-764\" srcset=\"https:\/\/www.micole.net\/blog\/wp-content\/uploads\/2020\/07\/image-2-1024x323.png 1024w, https:\/\/www.micole.net\/blog\/wp-content\/uploads\/2020\/07\/image-2-600x189.png 600w, https:\/\/www.micole.net\/blog\/wp-content\/uploads\/2020\/07\/image-2-300x95.png 300w, https:\/\/www.micole.net\/blog\/wp-content\/uploads\/2020\/07\/image-2-768x242.png 768w, https:\/\/www.micole.net\/blog\/wp-content\/uploads\/2020\/07\/image-2.png 1167w\" sizes=\"(max-width: 1024px) 100vw, 1024px\" \/><figcaption>Los Colegios Privados y Concertados pasaron de 6957 en 2018 a 9319 en 2018<\/figcaption><\/figure><\/div>\n\n\n\n<h4 class=\"wp-block-heading\">Evoluci\u00f3n del alumnado seg\u00fan el observatorio de la educaci\u00f3n<\/h4>\n\n\n\n<p>Porcentualmente <strong>el n\u00famero de alumnos ha ido aumentando cada a\u00f1o aunque en un ritmo menor al de n\u00famero de colegios<\/strong> (+13% frente a +20%).<\/p>\n\n\n\n<div class=\"wp-block-image\"><figure class=\"aligncenter size-large\"><img decoding=\"async\" src=\"https:\/\/www.micole.net\/blog\/wp-content\/uploads\/2020\/07\/image-4-1024x270.png\" alt=\"numero de alumnos aumentando\" class=\"wp-image-766\"\/><figcaption>El sistema educativo acogi\u00f3 en 2018 a cerca de un mill\u00f3n de alumnos m\u00e1s que en 2008<\/figcaption><\/figure><\/div>\n\n\n\n<p>Llama la atenci\u00f3n que los centros privados y concertados no est\u00e9n siendo capaces de captar alumnos al ritmo que crece la oferta, habi\u00e9ndose&nbsp;<strong>reducido el ratio de alumnos por centro en un -16% en s\u00f3lo 10 a\u00f1os.<\/strong><\/p>\n\n\n\n<div class=\"wp-block-image\"><figure class=\"aligncenter size-large\"><img decoding=\"async\" width=\"1024\" height=\"631\" src=\"https:\/\/www.micole.net\/blog\/wp-content\/uploads\/2020\/07\/image-3-1024x631.png\" alt=\"comparativa variacion desde 2008\" class=\"wp-image-765\" srcset=\"https:\/\/www.micole.net\/blog\/wp-content\/uploads\/2020\/07\/image-3-1024x631.png 1024w, https:\/\/www.micole.net\/blog\/wp-content\/uploads\/2020\/07\/image-3-600x370.png 600w, https:\/\/www.micole.net\/blog\/wp-content\/uploads\/2020\/07\/image-3-300x185.png 300w, https:\/\/www.micole.net\/blog\/wp-content\/uploads\/2020\/07\/image-3-768x473.png 768w, https:\/\/www.micole.net\/blog\/wp-content\/uploads\/2020\/07\/image-3.png 1165w\" sizes=\"(max-width: 1024px) 100vw, 1024px\" \/><figcaption>La mayor oferta de centros privados y concertados se traduce en que a\u00f1o tras a\u00f1o el n\u00famero de alumnos por centro est\u00e1 disminuyendo<\/figcaption><\/figure><\/div>\n\n\n\n<p>Desde Micole hemos podido identificar las causas detr\u00e1s de esta disminuci\u00f3n en la ocupaci\u00f3n de colegios Privados y Concertados:&nbsp;<strong>descenso de la natalidad<\/strong>&nbsp;de un -28% en los \u00faltimos 10 a\u00f1os,&nbsp;<strong>mayor competitividad del proyecto educativo P\u00fablico&nbsp;<\/strong>(especialmente en lo referente a idiomas) y una mayor&nbsp;<strong>cautela econ\u00f3mica<\/strong>&nbsp;tras la crisis vivida entre 2008 y 2014. <\/p>\n\n\n\n<h4 class=\"wp-block-heading\">Evoluci\u00f3n del profesorado y an\u00e1lisis de resultados acad\u00e9micos<\/h4>\n\n\n\n<p>En el Observatorio tambi\u00e9n se analizan el crecimiento de profesores en los \u00faltimos 10 a\u00f1os (+37%) y de los alumnos que superan cada una de las etapas educativas por tipo de centro.<\/p>\n\n\n\n<div class=\"wp-block-image\"><figure class=\"aligncenter size-large\"><img loading=\"lazy\" decoding=\"async\" width=\"1024\" height=\"310\" src=\"https:\/\/www.micole.net\/blog\/wp-content\/uploads\/2020\/07\/image-5-1024x310.png\" alt=\"alumnos promocionados\" class=\"wp-image-769\" srcset=\"https:\/\/www.micole.net\/blog\/wp-content\/uploads\/2020\/07\/image-5-1024x310.png 1024w, https:\/\/www.micole.net\/blog\/wp-content\/uploads\/2020\/07\/image-5-600x181.png 600w, https:\/\/www.micole.net\/blog\/wp-content\/uploads\/2020\/07\/image-5-300x91.png 300w, https:\/\/www.micole.net\/blog\/wp-content\/uploads\/2020\/07\/image-5-768x232.png 768w, https:\/\/www.micole.net\/blog\/wp-content\/uploads\/2020\/07\/image-5.png 1167w\" sizes=\"(max-width: 1024px) 100vw, 1024px\" \/><figcaption>Seg\u00fan datos del Ministerio de Educaci\u00f3n y Formaci\u00f3n Profesional, el porcentaje de alumnos que terminan las distintas etapas es notablemente mayor en centros privados<\/figcaption><\/figure><\/div>\n\n\n\n<p>Por \u00faltimo se analizan los resultados de las pruebas de acceso a la universidad y la variaci\u00f3n de las notas medias obtenidas al terminar bachillerato y las de la PAU por tipo de centro.<\/p>\n\n\n\n<div class=\"wp-block-group\"><div class=\"wp-block-group__inner-container is-layout-flow wp-block-group-is-layout-flow\">\n<div class=\"wp-block-columns are-vertically-aligned-center is-layout-flex wp-container-core-columns-is-layout-28f84493 wp-block-columns-is-layout-flex\">\n<div class=\"wp-block-column is-vertically-aligned-center is-layout-flow wp-block-column-is-layout-flow\">\n<figure class=\"wp-block-image size-large\"><img loading=\"lazy\" decoding=\"async\" width=\"523\" height=\"294\" src=\"https:\/\/www.micole.net\/blog\/wp-content\/uploads\/2020\/09\/image-2.png\" alt=\"\" class=\"wp-image-867\" srcset=\"https:\/\/www.micole.net\/blog\/wp-content\/uploads\/2020\/09\/image-2.png 523w, https:\/\/www.micole.net\/blog\/wp-content\/uploads\/2020\/09\/image-2-300x169.png 300w\" sizes=\"(max-width: 523px) 100vw, 523px\" \/><figcaption> El % de alumnos que superan la PAU es ligeramente mayor en los colegios privados concertados  <\/figcaption><\/figure>\n<\/div>\n\n\n\n<div class=\"wp-block-column is-vertically-aligned-center is-layout-flow wp-block-column-is-layout-flow\">\n<div class=\"wp-block-image\"><figure class=\"aligncenter size-large is-resized\"><img loading=\"lazy\" decoding=\"async\" src=\"https:\/\/www.micole.net\/blog\/wp-content\/uploads\/2020\/09\/image-1.png\" alt=\"\" class=\"wp-image-866\" width=\"437\" height=\"246\" srcset=\"https:\/\/www.micole.net\/blog\/wp-content\/uploads\/2020\/09\/image-1.png 524w, https:\/\/www.micole.net\/blog\/wp-content\/uploads\/2020\/09\/image-1-300x169.png 300w\" sizes=\"(max-width: 437px) 100vw, 437px\" \/><figcaption>Los privados concertados son los colegios en los que difiere menos la nota obtenida en bachillerato y en la PAU <\/figcaption><\/figure><\/div>\n<\/div>\n<\/div>\n<\/div><\/div>\n\n\n\n<h3 class=\"wp-block-heading\">Observatorio de la educaci\u00f3n Completo<\/h3>\n\n\n\n<p>Te ofrecemos el Observatorio completo en 2 versiones: una&nbsp;<a href=\"https:\/\/datastudio.google.com\/u\/0\/reporting\/a1cd0ca3-b1ae-4c60-b39b-38ea654fdd4d\/page\/hbXBB\" target=\"_blank\" rel=\"noreferrer noopener nofollow\">versi\u00f3n interactiva<\/a>, donde poder clicar sobre los distintos elementos gr\u00e1ficos para profundizar en la informaci\u00f3n, y una versi\u00f3n en&nbsp;<a href=\"https:\/\/drive.google.com\/file\/d\/1-pcDghfwwHFr9tJ-UfpNNYXOi-LbezG7\/view?usp=sharing\" target=\"_blank\" rel=\"noreferrer noopener nofollow\">formato PDF<\/a>.<\/p>\n\n\n\n<h3 class=\"wp-block-heading\">Fuentes de Informaci\u00f3n y Derechos de Uso<\/h3>\n\n\n\n<p><em>Todos los datos han sido extraidos del <a href=\"https:\/\/www.educacionyfp.gob.es\/servicios-al-ciudadano\/estadisticas\/\" target=\"_blank\" rel=\"noreferrer noopener nofollow\">Ministerio de Educaci\u00f3n y Formaci\u00f3n Profesional<\/a>.<\/em> <\/p>\n\n\n\n<p><em>Est\u00e1 permitido el uso y distribuci\u00f3n de la informaci\u00f3n aqu\u00ed mostrada siempre que se indique debidamente la fuente, incluyendo adem\u00e1s el enlace de <a rel=\"noreferrer noopener\" aria-label=\" (se abre en una nueva pesta\u00f1a)\" href=\"https:\/\/www.micole.net\/\" target=\"_blank\">www.micole.net<\/a><\/em><\/p>\n\n\n\n<h2 class=\"wp-block-heading\">Otros estudios de Micole<\/h2>\n\n\n\n<p>Si te ha parecido interesante te recomendamos echar un vistazo al&nbsp;<a href=\"https:\/\/www.micole.net\/blog\/medidas-coronavirus-covid-19-colegios\/\">informe Colegios Vs COVID-19<\/a>.<\/p>\n\n\n\n<p>El equipo de Micole<\/p>\n","protected":false},"excerpt":{"rendered":"<p>\u00bfQuieres saber c\u00f3mo est\u00e1 evolucionando la educaci\u00f3n en Espa\u00f1a? En Micole hemos recopilado datos del Ministerio de Educaci\u00f3n y Formaci\u00f3n Profesional para analizar las tendencias y entender hacia d\u00f3nde va. Principales conclusiones del Observatorio de la Educaci\u00f3n Crecimiento del n\u00famero de colegios seg\u00fan el observatorio de la educaci\u00f3n En la \u00faltima d\u00e9cada, el n\u00famero de &hellip;<\/p>\n<p class=\"read-more\"> <a class=\"\" href=\"https:\/\/www.micole.net\/blog\/estudios-informes\/observatorio\/\"> <span class=\"screen-reader-text\">Observatorio de la Educaci\u00f3n<\/span> Leer m\u00e1s &raquo;<\/a><\/p>\n","protected":false},"author":1,"featured_media":765,"comment_status":"open","ping_status":"closed","sticky":false,"template":"","format":"standard","meta":{"content-type":"","sfsi_plus_gutenberg_text_before_share":"","sfsi_plus_gutenberg_show_text_before_share":"","sfsi_plus_gutenberg_icon_type":"","sfsi_plus_gutenberg_icon_alignemt":"","sfsi_plus_gutenburg_max_per_row":"","site-sidebar-layout":"default","site-content-layout":"","ast-site-content-layout":"","site-content-style":"default","site-sidebar-style":"default","ast-global-header-display":"","ast-banner-title-visibility":"","ast-main-header-display":"","ast-hfb-above-header-display":"","ast-hfb-below-header-display":"","ast-hfb-mobile-header-display":"","site-post-title":"","ast-breadcrumbs-content":"","ast-featured-img":"","footer-sml-layout":"","theme-transparent-header-meta":"","adv-header-id-meta":"","stick-header-meta":"","header-above-stick-meta":"","header-main-stick-meta":"","header-below-stick-meta":"","astra-migrate-meta-layouts":"","footnotes":""},"categories":[1],"tags":[],"class_list":["post-248","post","type-post","status-publish","format-standard","has-post-thumbnail","hentry","category-estudios-informes"],"yoast_head":"<!-- This site is optimized with the Yoast SEO plugin v26.9 - https:\/\/yoast.com\/product\/yoast-seo-wordpress\/ -->\n<title>Observatorio de la educaci\u00f3n en Espa\u00f1a sobre los colegios<\/title>\n<meta name=\"description\" content=\"Observatorio de la educaci\u00f3n en Espa\u00f1a \ud83c\udf93 Descubre c\u00f3mo est\u00e1n evolucionando colegios , alumnos , resultados acad\u00e9micos y mucho m\u00e1s \ud83d\udcca\" \/>\n<meta name=\"robots\" content=\"index, follow, max-snippet:-1, max-image-preview:large, max-video-preview:-1\" \/>\n<link rel=\"canonical\" href=\"https:\/\/www.micole.net\/blog\/estudios-informes\/observatorio\/\" \/>\n<meta property=\"og:locale\" content=\"es_ES\" \/>\n<meta property=\"og:type\" content=\"article\" \/>\n<meta property=\"og:title\" content=\"Observatorio de la educaci\u00f3n en Espa\u00f1a sobre los colegios\" \/>\n<meta property=\"og:description\" content=\"Observatorio de la educaci\u00f3n en Espa\u00f1a \ud83c\udf93 Descubre c\u00f3mo est\u00e1n evolucionando colegios , alumnos , resultados acad\u00e9micos y mucho m\u00e1s \ud83d\udcca\" \/>\n<meta property=\"og:url\" content=\"https:\/\/www.micole.net\/blog\/estudios-informes\/observatorio\/\" \/>\n<meta property=\"og:site_name\" content=\"Blog Micole\" \/>\n<meta property=\"article:publisher\" content=\"https:\/\/www.facebook.com\/micoleoficial\/\" \/>\n<meta property=\"article:published_time\" content=\"2020-01-03T09:08:10+00:00\" \/>\n<meta property=\"article:modified_time\" content=\"2022-10-05T14:55:32+00:00\" \/>\n<meta property=\"og:image\" content=\"https:\/\/www.micole.net\/blog\/wp-content\/uploads\/2020\/07\/image-3.png\" \/>\n\t<meta property=\"og:image:width\" content=\"1165\" \/>\n\t<meta property=\"og:image:height\" content=\"718\" \/>\n\t<meta property=\"og:image:type\" content=\"image\/png\" \/>\n<meta name=\"author\" content=\"El equipo de Micole\" \/>\n<meta name=\"twitter:card\" content=\"summary_large_image\" \/>\n<meta name=\"twitter:label1\" content=\"Escrito por\" \/>\n\t<meta name=\"twitter:data1\" content=\"El equipo de Micole\" \/>\n\t<meta name=\"twitter:label2\" content=\"Tiempo de lectura\" \/>\n\t<meta name=\"twitter:data2\" content=\"4 minutos\" \/>\n<script type=\"application\/ld+json\" class=\"yoast-schema-graph\">{\"@context\":\"https:\/\/schema.org\",\"@graph\":[{\"@type\":\"Article\",\"@id\":\"https:\/\/www.micole.net\/blog\/estudios-informes\/observatorio\/#article\",\"isPartOf\":{\"@id\":\"https:\/\/www.micole.net\/blog\/estudios-informes\/observatorio\/\"},\"author\":{\"name\":\"El equipo de Micole\",\"@id\":\"https:\/\/www.micole.net\/blog\/#\/schema\/person\/861e4d9a8ce4499d9c106c2ac39f8951\"},\"headline\":\"Observatorio de la Educaci\u00f3n\",\"datePublished\":\"2020-01-03T09:08:10+00:00\",\"dateModified\":\"2022-10-05T14:55:32+00:00\",\"mainEntityOfPage\":{\"@id\":\"https:\/\/www.micole.net\/blog\/estudios-informes\/observatorio\/\"},\"wordCount\":559,\"commentCount\":0,\"publisher\":{\"@id\":\"https:\/\/www.micole.net\/blog\/#organization\"},\"image\":{\"@id\":\"https:\/\/www.micole.net\/blog\/estudios-informes\/observatorio\/#primaryimage\"},\"thumbnailUrl\":\"https:\/\/www.micole.net\/blog\/wp-content\/uploads\/2020\/07\/image-3.png\",\"articleSection\":[\"Estudios e informes\"],\"inLanguage\":\"es\",\"potentialAction\":[{\"@type\":\"CommentAction\",\"name\":\"Comment\",\"target\":[\"https:\/\/www.micole.net\/blog\/estudios-informes\/observatorio\/#respond\"]}]},{\"@type\":\"WebPage\",\"@id\":\"https:\/\/www.micole.net\/blog\/estudios-informes\/observatorio\/\",\"url\":\"https:\/\/www.micole.net\/blog\/estudios-informes\/observatorio\/\",\"name\":\"Observatorio de la educaci\u00f3n en Espa\u00f1a sobre los colegios\",\"isPartOf\":{\"@id\":\"https:\/\/www.micole.net\/blog\/#website\"},\"primaryImageOfPage\":{\"@id\":\"https:\/\/www.micole.net\/blog\/estudios-informes\/observatorio\/#primaryimage\"},\"image\":{\"@id\":\"https:\/\/www.micole.net\/blog\/estudios-informes\/observatorio\/#primaryimage\"},\"thumbnailUrl\":\"https:\/\/www.micole.net\/blog\/wp-content\/uploads\/2020\/07\/image-3.png\",\"datePublished\":\"2020-01-03T09:08:10+00:00\",\"dateModified\":\"2022-10-05T14:55:32+00:00\",\"description\":\"Observatorio de la educaci\u00f3n en Espa\u00f1a \ud83c\udf93 Descubre c\u00f3mo est\u00e1n evolucionando colegios , alumnos , resultados acad\u00e9micos y mucho m\u00e1s \ud83d\udcca\",\"breadcrumb\":{\"@id\":\"https:\/\/www.micole.net\/blog\/estudios-informes\/observatorio\/#breadcrumb\"},\"inLanguage\":\"es\",\"potentialAction\":[{\"@type\":\"ReadAction\",\"target\":[\"https:\/\/www.micole.net\/blog\/estudios-informes\/observatorio\/\"]}]},{\"@type\":\"ImageObject\",\"inLanguage\":\"es\",\"@id\":\"https:\/\/www.micole.net\/blog\/estudios-informes\/observatorio\/#primaryimage\",\"url\":\"https:\/\/www.micole.net\/blog\/wp-content\/uploads\/2020\/07\/image-3.png\",\"contentUrl\":\"https:\/\/www.micole.net\/blog\/wp-content\/uploads\/2020\/07\/image-3.png\",\"width\":1165,\"height\":718,\"caption\":\"comparativa variacion desde 2008\"},{\"@type\":\"BreadcrumbList\",\"@id\":\"https:\/\/www.micole.net\/blog\/estudios-informes\/observatorio\/#breadcrumb\",\"itemListElement\":[{\"@type\":\"ListItem\",\"position\":1,\"name\":\"Portada\",\"item\":\"https:\/\/www.micole.net\/blog\/\"},{\"@type\":\"ListItem\",\"position\":2,\"name\":\"Observatorio de la Educaci\u00f3n\"}]},{\"@type\":\"WebSite\",\"@id\":\"https:\/\/www.micole.net\/blog\/#website\",\"url\":\"https:\/\/www.micole.net\/blog\/\",\"name\":\"Blog Micole\",\"description\":\"En el Blog de Micole encontrar\u00e1s contenido y recursos relacionados con la educaci\u00f3n y la crianza de los hijos\",\"publisher\":{\"@id\":\"https:\/\/www.micole.net\/blog\/#organization\"},\"potentialAction\":[{\"@type\":\"SearchAction\",\"target\":{\"@type\":\"EntryPoint\",\"urlTemplate\":\"https:\/\/www.micole.net\/blog\/?s={search_term_string}\"},\"query-input\":{\"@type\":\"PropertyValueSpecification\",\"valueRequired\":true,\"valueName\":\"search_term_string\"}}],\"inLanguage\":\"es\"},{\"@type\":\"Organization\",\"@id\":\"https:\/\/www.micole.net\/blog\/#organization\",\"name\":\"Micole\",\"url\":\"https:\/\/www.micole.net\/blog\/\",\"logo\":{\"@type\":\"ImageObject\",\"inLanguage\":\"es\",\"@id\":\"https:\/\/www.micole.net\/blog\/#\/schema\/logo\/image\/\",\"url\":\"https:\/\/www.micole.net\/blog\/wp-content\/uploads\/2019\/12\/logo.png\",\"contentUrl\":\"https:\/\/www.micole.net\/blog\/wp-content\/uploads\/2019\/12\/logo.png\",\"width\":1200,\"height\":1200,\"caption\":\"Micole\"},\"image\":{\"@id\":\"https:\/\/www.micole.net\/blog\/#\/schema\/logo\/image\/\"},\"sameAs\":[\"https:\/\/www.facebook.com\/micoleoficial\/\",\"https:\/\/www.instagram.com\/micoleoficial\/\"]},{\"@type\":\"Person\",\"@id\":\"https:\/\/www.micole.net\/blog\/#\/schema\/person\/861e4d9a8ce4499d9c106c2ac39f8951\",\"name\":\"El equipo de Micole\",\"image\":{\"@type\":\"ImageObject\",\"inLanguage\":\"es\",\"@id\":\"https:\/\/www.micole.net\/blog\/#\/schema\/person\/image\/\",\"url\":\"https:\/\/secure.gravatar.com\/avatar\/1cd164d7ed5bce011a362aac715fce0d7731ec230263bea587c3176ae3cf4290?s=96&d=mm&r=g\",\"contentUrl\":\"https:\/\/secure.gravatar.com\/avatar\/1cd164d7ed5bce011a362aac715fce0d7731ec230263bea587c3176ae3cf4290?s=96&d=mm&r=g\",\"caption\":\"El equipo de Micole\"}}]}<\/script>\n<!-- \/ Yoast SEO plugin. -->","yoast_head_json":{"title":"Observatorio de la educaci\u00f3n en Espa\u00f1a sobre los colegios","description":"Observatorio de la educaci\u00f3n en Espa\u00f1a \ud83c\udf93 Descubre c\u00f3mo est\u00e1n evolucionando colegios , alumnos , resultados acad\u00e9micos y mucho m\u00e1s \ud83d\udcca","robots":{"index":"index","follow":"follow","max-snippet":"max-snippet:-1","max-image-preview":"max-image-preview:large","max-video-preview":"max-video-preview:-1"},"canonical":"https:\/\/www.micole.net\/blog\/estudios-informes\/observatorio\/","og_locale":"es_ES","og_type":"article","og_title":"Observatorio de la educaci\u00f3n en Espa\u00f1a sobre los colegios","og_description":"Observatorio de la educaci\u00f3n en Espa\u00f1a \ud83c\udf93 Descubre c\u00f3mo est\u00e1n evolucionando colegios , alumnos , resultados acad\u00e9micos y mucho m\u00e1s \ud83d\udcca","og_url":"https:\/\/www.micole.net\/blog\/estudios-informes\/observatorio\/","og_site_name":"Blog Micole","article_publisher":"https:\/\/www.facebook.com\/micoleoficial\/","article_published_time":"2020-01-03T09:08:10+00:00","article_modified_time":"2022-10-05T14:55:32+00:00","og_image":[{"width":1165,"height":718,"url":"https:\/\/www.micole.net\/blog\/wp-content\/uploads\/2020\/07\/image-3.png","type":"image\/png"}],"author":"El equipo de Micole","twitter_card":"summary_large_image","twitter_misc":{"Escrito por":"El equipo de Micole","Tiempo de lectura":"4 minutos"},"schema":{"@context":"https:\/\/schema.org","@graph":[{"@type":"Article","@id":"https:\/\/www.micole.net\/blog\/estudios-informes\/observatorio\/#article","isPartOf":{"@id":"https:\/\/www.micole.net\/blog\/estudios-informes\/observatorio\/"},"author":{"name":"El equipo de Micole","@id":"https:\/\/www.micole.net\/blog\/#\/schema\/person\/861e4d9a8ce4499d9c106c2ac39f8951"},"headline":"Observatorio de la Educaci\u00f3n","datePublished":"2020-01-03T09:08:10+00:00","dateModified":"2022-10-05T14:55:32+00:00","mainEntityOfPage":{"@id":"https:\/\/www.micole.net\/blog\/estudios-informes\/observatorio\/"},"wordCount":559,"commentCount":0,"publisher":{"@id":"https:\/\/www.micole.net\/blog\/#organization"},"image":{"@id":"https:\/\/www.micole.net\/blog\/estudios-informes\/observatorio\/#primaryimage"},"thumbnailUrl":"https:\/\/www.micole.net\/blog\/wp-content\/uploads\/2020\/07\/image-3.png","articleSection":["Estudios e informes"],"inLanguage":"es","potentialAction":[{"@type":"CommentAction","name":"Comment","target":["https:\/\/www.micole.net\/blog\/estudios-informes\/observatorio\/#respond"]}]},{"@type":"WebPage","@id":"https:\/\/www.micole.net\/blog\/estudios-informes\/observatorio\/","url":"https:\/\/www.micole.net\/blog\/estudios-informes\/observatorio\/","name":"Observatorio de la educaci\u00f3n en Espa\u00f1a sobre los colegios","isPartOf":{"@id":"https:\/\/www.micole.net\/blog\/#website"},"primaryImageOfPage":{"@id":"https:\/\/www.micole.net\/blog\/estudios-informes\/observatorio\/#primaryimage"},"image":{"@id":"https:\/\/www.micole.net\/blog\/estudios-informes\/observatorio\/#primaryimage"},"thumbnailUrl":"https:\/\/www.micole.net\/blog\/wp-content\/uploads\/2020\/07\/image-3.png","datePublished":"2020-01-03T09:08:10+00:00","dateModified":"2022-10-05T14:55:32+00:00","description":"Observatorio de la educaci\u00f3n en Espa\u00f1a \ud83c\udf93 Descubre c\u00f3mo est\u00e1n evolucionando colegios , alumnos , resultados acad\u00e9micos y mucho m\u00e1s \ud83d\udcca","breadcrumb":{"@id":"https:\/\/www.micole.net\/blog\/estudios-informes\/observatorio\/#breadcrumb"},"inLanguage":"es","potentialAction":[{"@type":"ReadAction","target":["https:\/\/www.micole.net\/blog\/estudios-informes\/observatorio\/"]}]},{"@type":"ImageObject","inLanguage":"es","@id":"https:\/\/www.micole.net\/blog\/estudios-informes\/observatorio\/#primaryimage","url":"https:\/\/www.micole.net\/blog\/wp-content\/uploads\/2020\/07\/image-3.png","contentUrl":"https:\/\/www.micole.net\/blog\/wp-content\/uploads\/2020\/07\/image-3.png","width":1165,"height":718,"caption":"comparativa variacion desde 2008"},{"@type":"BreadcrumbList","@id":"https:\/\/www.micole.net\/blog\/estudios-informes\/observatorio\/#breadcrumb","itemListElement":[{"@type":"ListItem","position":1,"name":"Portada","item":"https:\/\/www.micole.net\/blog\/"},{"@type":"ListItem","position":2,"name":"Observatorio de la Educaci\u00f3n"}]},{"@type":"WebSite","@id":"https:\/\/www.micole.net\/blog\/#website","url":"https:\/\/www.micole.net\/blog\/","name":"Blog Micole","description":"En el Blog de Micole encontrar\u00e1s contenido y recursos relacionados con la educaci\u00f3n y la crianza de los hijos","publisher":{"@id":"https:\/\/www.micole.net\/blog\/#organization"},"potentialAction":[{"@type":"SearchAction","target":{"@type":"EntryPoint","urlTemplate":"https:\/\/www.micole.net\/blog\/?s={search_term_string}"},"query-input":{"@type":"PropertyValueSpecification","valueRequired":true,"valueName":"search_term_string"}}],"inLanguage":"es"},{"@type":"Organization","@id":"https:\/\/www.micole.net\/blog\/#organization","name":"Micole","url":"https:\/\/www.micole.net\/blog\/","logo":{"@type":"ImageObject","inLanguage":"es","@id":"https:\/\/www.micole.net\/blog\/#\/schema\/logo\/image\/","url":"https:\/\/www.micole.net\/blog\/wp-content\/uploads\/2019\/12\/logo.png","contentUrl":"https:\/\/www.micole.net\/blog\/wp-content\/uploads\/2019\/12\/logo.png","width":1200,"height":1200,"caption":"Micole"},"image":{"@id":"https:\/\/www.micole.net\/blog\/#\/schema\/logo\/image\/"},"sameAs":["https:\/\/www.facebook.com\/micoleoficial\/","https:\/\/www.instagram.com\/micoleoficial\/"]},{"@type":"Person","@id":"https:\/\/www.micole.net\/blog\/#\/schema\/person\/861e4d9a8ce4499d9c106c2ac39f8951","name":"El equipo de Micole","image":{"@type":"ImageObject","inLanguage":"es","@id":"https:\/\/www.micole.net\/blog\/#\/schema\/person\/image\/","url":"https:\/\/secure.gravatar.com\/avatar\/1cd164d7ed5bce011a362aac715fce0d7731ec230263bea587c3176ae3cf4290?s=96&d=mm&r=g","contentUrl":"https:\/\/secure.gravatar.com\/avatar\/1cd164d7ed5bce011a362aac715fce0d7731ec230263bea587c3176ae3cf4290?s=96&d=mm&r=g","caption":"El equipo de Micole"}}]}},"_links":{"self":[{"href":"https:\/\/www.micole.net\/blog\/wp-json\/wp\/v2\/posts\/248","targetHints":{"allow":["GET"]}}],"collection":[{"href":"https:\/\/www.micole.net\/blog\/wp-json\/wp\/v2\/posts"}],"about":[{"href":"https:\/\/www.micole.net\/blog\/wp-json\/wp\/v2\/types\/post"}],"author":[{"embeddable":true,"href":"https:\/\/www.micole.net\/blog\/wp-json\/wp\/v2\/users\/1"}],"replies":[{"embeddable":true,"href":"https:\/\/www.micole.net\/blog\/wp-json\/wp\/v2\/comments?post=248"}],"version-history":[{"count":0,"href":"https:\/\/www.micole.net\/blog\/wp-json\/wp\/v2\/posts\/248\/revisions"}],"wp:featuredmedia":[{"embeddable":true,"href":"https:\/\/www.micole.net\/blog\/wp-json\/wp\/v2\/media\/765"}],"wp:attachment":[{"href":"https:\/\/www.micole.net\/blog\/wp-json\/wp\/v2\/media?parent=248"}],"wp:term":[{"taxonomy":"category","embeddable":true,"href":"https:\/\/www.micole.net\/blog\/wp-json\/wp\/v2\/categories?post=248"},{"taxonomy":"post_tag","embeddable":true,"href":"https:\/\/www.micole.net\/blog\/wp-json\/wp\/v2\/tags?post=248"}],"curies":[{"name":"wp","href":"https:\/\/api.w.org\/{rel}","templated":true}]}}