{"id":218,"date":"2019-12-30T15:13:04","date_gmt":"2019-12-30T14:13:04","guid":{"rendered":"http:\/\/www.micole.net\/blog\/?p=218"},"modified":"2023-10-23T14:15:17","modified_gmt":"2023-10-23T12:15:17","slug":"solicitar-plaza-publico-privado","status":"publish","type":"post","link":"https:\/\/www.micole.net\/blog\/elegir-colegio\/solicitar-plaza-publico-privado\/","title":{"rendered":"Cu\u00e1ndo se solicita plaza de colegio"},"content":{"rendered":"\n<h2 class=\"wp-block-heading\">\u00bfC\u00f3mo y cu\u00e1ndo solicitar plaza seg\u00fan el tipo de colegio?<\/h2>\n\n\n\n<p><\/p>\n\n\n\n<p>Sin duda, el c\u00f3mo y cu\u00e1ndo realizar la solicitud y reserva de plaza de colegio para nuestros hijos es una preocupaci\u00f3n com\u00fan de todos los padres; y no es para menos. <strong>Son muchos los casos en que la apertura de plazos y el proceso son confusos<\/strong>, y desde Micole queremos ayudarte para que cumplas con todos los plazos antes de que tu hijo comience su escolarizaci\u00f3n en Septiembre, por eso te explicamos como <strong>solicitar plaza en colegios<\/strong> . <\/p>\n\n\n\n<p>En primer lugar, cabe se\u00f1alar que el proceso es distinto dependiendo de si el proyecto educativo del colegio est\u00e1 subvencionado por la Administraci\u00f3n (colegios Concertados y P\u00fablicos) o si no lo est\u00e1 (colegios Privados).<\/p>\n\n\n\n<h2 class=\"wp-block-heading\">Solicitud de plaza en colegio privado<\/h2>\n\n\n\n<p><\/p>\n\n\n\n<h4 class=\"wp-block-heading\">1. Colegios Privados<\/h4>\n\n\n\n<p><\/p>\n\n\n\n<p>Los colegios Privados son independientes de la Administraci\u00f3n y cada uno establece el <strong>proceso para  solicitar plaza en colegios <\/strong>y admisi\u00f3n de la forma que prefiera; aunque la mayor\u00eda siguen el siguiente modelo:<\/p>\n\n\n\n<ul class=\"wp-block-list\">\n<li><strong>Contacto y solicitud de visita:<\/strong><em>entre Octubre y Mayo<\/em>. Una vez que los padres han identificado un colegio que les interesa, proceden a ponerse en contacto (normalmente por email o tel\u00e9fono) para solicitar m\u00e1s informaci\u00f3n y\/o una visita f\u00edsica al centro. A partir de aqu\u00ed, el colegio proporcionar\u00e1 m\u00e1s detalles del proyecto educativo, tarifas (en caso de que no las tenga compartidas en la web), horarios, servicios adicionales, etc. Normalmente la respuesta del colegio a la solicitud de visita es 1 de las 2 siguientes:\n<ul class=\"wp-block-list\">\n<li>Invitar a los padres a una <strong>jornada de \u00abPuertas Abiertas\u00bb<\/strong> o sesiones en grupo donde se dar\u00e1 a los padres m\u00e1s informaci\u00f3n y se atender\u00e1n todas sus preguntas.<\/li>\n\n\n\n<li>Concertar una fecha y hora para que los padres realicen una <strong>visita individual guiada<\/strong>.<\/li>\n<\/ul>\n<\/li>\n<\/ul>\n\n\n\n<p><\/p>\n\n\n\n<ul class=\"wp-block-list\">\n<li><strong>Prueba de nivel:<\/strong> <em>entre Enero y Junio<\/em>. Algunos colegios Privados, sobretodo aquellos m\u00e1s exigentes y que cuentan con lista de espera, realizan una prueba de nivel al futuro alumno. No os preocup\u00e9is, no est\u00e1n sometiendo a nuestros hijos a ning\u00fan examen ni juzgando su potencial; lo que est\u00e1n haciendo es asegurarse de que nuestros hijos no tengan ninguna necesidad especial que ellos no puedan cubrir dentro de su propuesta educativa. A pesar de que pueda parecer un procedimiento fr\u00edo con nuestros peque\u00f1os, es un gesto honesto por parte de los colegios para que nuestra inversi\u00f3n en educaci\u00f3n sea \u00f3ptima.<\/li>\n<\/ul>\n\n\n\n<p><\/p>\n\n\n\n<ul class=\"wp-block-list\">\n<li><strong>Solicitud y reserva de plaza:<\/strong> <em>entre Enero y Julio<\/em>. la mayor\u00eda de colegios Privados solicitar\u00e1n un pago por reserva de plaza de un importe similar a una mensualidad, el cual ser\u00e1 descontado el primer mes de escolaridad (es decir, no pagaremos la primera mensualidad). Si el colegio que hab\u00e9is elegido es de los m\u00e1s solicitados, desde Micole te aconsejamos que no lo dejes para el final ya que puedes quedarte sin plaza.<\/li>\n<\/ul>\n\n\n\n<p><\/p>\n\n\n\n<h2 class=\"wp-block-heading\">Solicitar plaza en colegio p\u00fablico<\/h2>\n\n\n\n<p><\/p>\n\n\n\n<h4 class=\"wp-block-heading\">2. Colegios Concertados y P\u00fablicos<\/h4>\n\n\n\n<p><\/p>\n\n\n\n<p>Aunque los colegios Concertados son en esencia colegios Privados, al estar el proyecto educativo subvencionado por la Administraci\u00f3n siguen exactamente el mismo proceso de solicitud de plaza y admisi\u00f3n que los colegios P\u00fablicos:<\/p>\n\n\n\n<ul class=\"wp-block-list\">\n<li><strong>Contacto y solicitud de visita:<\/strong> <em>entre Diciembre y Abril<\/em>. Una vez que los padres han identificado un colegio que les interesa, proceden a ponerse en contacto (normalmente por email o tel\u00e9fono) con el colegio para solicitar m\u00e1s informaci\u00f3n y\/o una visita f\u00edsica al centro. <strong>Los colegios P\u00fablicos normalmente organizan sesiones grupales<\/strong> para dar m\u00e1s informaci\u00f3n <strong>y los Concertados siguen una atenci\u00f3n similar a la de los Privados<\/strong>; invitando a los padres a una jornada de \u00abPuertas Abiertas\u00bb o sesiones en grupo donde se dar\u00e1 a los padres m\u00e1s informaci\u00f3n y se atender\u00e1n todas sus preguntas o bien concertando una fecha y hora para que los padres realicen una visita individual guiada.<\/li>\n<\/ul>\n\n\n\n<p><\/p>\n\n\n\n<ul class=\"wp-block-list\">\n<li><strong>Solicitud y reserva de plaza:<\/strong><em>entre Abril y Mayo seg\u00fan el a\u00f1o<\/em>. En este punto reside la gran diferencia respecto de los colegios Privados ya que se rige al 100% por los criterios establecidos por la Administraci\u00f3n.\n<ol class=\"wp-block-list\">\n<li>La Administraci\u00f3n publicar\u00e1 <em>entre Febrero y Marzo<\/em> los plazos, <strong>documentaci\u00f3n y criterios de prefencia<\/strong> para asignaci\u00f3n de plaza, entre los que suelen destacar;\n<ol class=\"wp-block-list\">\n<li>Si el alumno tiene hermanos matriculados en el mismo centro<\/li>\n\n\n\n<li>Si alguno de los padres o tutor legal trabaja en el mismo centro<\/li>\n\n\n\n<li>Cercan\u00eda del domicilio del alumno al centro educativo<\/li>\n\n\n\n<li>Renta anual de la unidad familiar<\/li>\n\n\n\n<li>Existencia de discapacidad f\u00edsica<\/li>\n\n\n\n<li>Familia numerosa<\/li>\n<\/ol>\n<\/li>\n\n\n\n<li>Los padres presentar\u00e1n, adem\u00e1s de la documentaci\u00f3n requerida, ordenados por orden de preferencia, los colegios para los que les gustar\u00eda obtener una plaza. La presentaci\u00f3n se puede realizar de forma telem\u00e1tica (desde Micole recomendamos poseer certificado electr\u00f3nico para estos tr\u00e1mites) o en los propios colegios.<\/li>\n\n\n\n<li>Durante el mes de Mayo se realiza un sorteo p\u00fablico con todas las solicitudes recibidas en las que, al aplicar los criterios de prefencia, exista empate.<\/li>\n\n\n\n<li>Despu\u00e9s del sorteo, se pulicar\u00e1 en la p\u00e1gina de la Comunidad Aut\u00f3noma correspondiente el listado de admitidos.<\/li>\n<\/ol>\n<\/li>\n<\/ul>\n\n\n\n<p><\/p>\n\n\n\n<h3 class=\"wp-block-heading\">Nuestro consejo para solicitar plaza en colegios<\/h3>\n\n\n\n<figure class=\"wp-block-image size-large\"><img fetchpriority=\"high\" decoding=\"async\" width=\"1920\" height=\"1285\" src=\"http:\/\/www.micole.net\/blog\/wp-content\/uploads\/2019\/12\/day-planner-828611_1920.jpg\" alt=\"planificar en la b\u00fasqueda de colegio\" class=\"wp-image-234\" srcset=\"https:\/\/www.micole.net\/blog\/wp-content\/uploads\/2019\/12\/day-planner-828611_1920.jpg 1920w, https:\/\/www.micole.net\/blog\/wp-content\/uploads\/2019\/12\/day-planner-828611_1920-600x402.jpg 600w\" sizes=\"(max-width: 1920px) 100vw, 1920px\" \/><\/figure>\n\n\n\n<p>Desde Micole aconsejamos a los padres que quieran escolarizar a alg\u00fan hijo en colegios Concertados o P\u00fablicos que est\u00e9n atentos a las convocatorias de su Comunidad Aut\u00f3noma. Para consultar el proceso de Madrid, tienes toda la informaci\u00f3n disponible <a href=\"https:\/\/www.comunidad.madrid\/servicios\/educacion\/solicita-tu-admision-educacion-infantil-obligatoria-bachillerato\" target=\"_blank\" rel=\"noreferrer noopener nofollow\">aqu\u00ed<\/a>. Tambi\u00e9n te dejamos una tabla resumen con las fechas que tienes que tener muy presentes.<\/p>\n\n\n\n<figure class=\"wp-block-table is-style-regular\"><table class=\"has-background\" style=\"background-color:#f3f4f5\"><tbody><tr><td><\/td><td><strong>Colegios Privados<\/strong><\/td><td><strong>Colegios Concertados y P\u00fablicos<\/strong><\/td><\/tr><tr><td> <strong>Contacto y solicitud de visita<\/strong> <\/td><td>Entre Octubre y Mayo <\/td><td>Entre Diciembre y Abril  <\/td><\/tr><tr><td> <strong>Prueba de nivel<\/strong> <\/td><td>Entre Enero y Junio  <br><em>(no todos los colegios)<\/em><\/td><td><em>No se realiza<\/em><\/td><\/tr><tr><td> <strong>Solicitud y reserva de plaza<\/strong> <\/td><td>Entre Enero y Julio <\/td><td>Entre Abril y Mayo seg\u00fan el a\u00f1o <\/td><\/tr><\/tbody><\/table><\/figure>\n\n\n\n<p>Esperamos que este art\u00edculo te sea \u00fatil en la dificil misi\u00f3n de escoger colegio para tus hijos. Recuerda que gracias a nuestro <a href=\"https:\/\/www.micole.net?utm_medium=directo\" target=\"_blank\" rel=\"noreferrer noopener\">test gratuito<\/a> puedes hacer un primer filtro con los mejores colegios que visitar en base a tus preferencias. <\/p>\n\n\n\n<p>Tambi\u00e9n te animamos a leer nuestra anterior entrada sobre <a href=\"http:\/\/www.micole.net\/blog\/elegir-colegio\/aspectos-clave-eleccion-colegio\/\" target=\"_blank\" rel=\"noreferrer noopener\">los 3 aspectos clave en la elecci\u00f3n del colegio <\/a><\/p>\n\n\n\n<p> \u00bfTienes alguna duda o quieres compartir tu experiencia a la hora de solicitar plaza en un colegio? D\u00e9janos un comentario y estaremos encantados de escucharte.<\/p>\n","protected":false},"excerpt":{"rendered":"<p>\u00bfC\u00f3mo y cu\u00e1ndo solicitar plaza seg\u00fan el tipo de colegio? Sin duda, el c\u00f3mo y cu\u00e1ndo realizar la solicitud y reserva de plaza de colegio para nuestros hijos es una preocupaci\u00f3n com\u00fan de todos los padres; y no es para menos. Son muchos los casos en que la apertura de plazos y el proceso son &hellip;<\/p>\n<p class=\"read-more\"> <a class=\"\" href=\"https:\/\/www.micole.net\/blog\/elegir-colegio\/solicitar-plaza-publico-privado\/\"> <span class=\"screen-reader-text\">Cu\u00e1ndo se solicita plaza de colegio<\/span> Leer m\u00e1s &raquo;<\/a><\/p>\n","protected":false},"author":1,"featured_media":243,"comment_status":"open","ping_status":"open","sticky":false,"template":"","format":"standard","meta":{"content-type":"","sfsi_plus_gutenberg_text_before_share":"","sfsi_plus_gutenberg_show_text_before_share":"","sfsi_plus_gutenberg_icon_type":"","sfsi_plus_gutenberg_icon_alignemt":"","sfsi_plus_gutenburg_max_per_row":"","site-sidebar-layout":"default","site-content-layout":"","ast-site-content-layout":"default","site-content-style":"default","site-sidebar-style":"default","ast-global-header-display":"","ast-banner-title-visibility":"","ast-main-header-display":"","ast-hfb-above-header-display":"","ast-hfb-below-header-display":"","ast-hfb-mobile-header-display":"","site-post-title":"","ast-breadcrumbs-content":"","ast-featured-img":"","footer-sml-layout":"","theme-transparent-header-meta":"","adv-header-id-meta":"","stick-header-meta":"","header-above-stick-meta":"","header-main-stick-meta":"","header-below-stick-meta":"","astra-migrate-meta-layouts":"set","footnotes":""},"categories":[8],"tags":[],"class_list":["post-218","post","type-post","status-publish","format-standard","has-post-thumbnail","hentry","category-elegir-colegio"],"yoast_head":"<!-- This site is optimized with the Yoast SEO plugin v26.9 - https:\/\/yoast.com\/product\/yoast-seo-wordpress\/ -->\n<title>Solicitar plaza en colegios p\u00fablicos y privados | Fechas<\/title>\n<meta name=\"description\" content=\"Solicitar plaza en colegios p\u00fablicos y privados \ud83c\udfeb Te contamos el proceso de reserva y los plazos o fechas para saber c\u00f3mo y cu\u00e1ndo hacerla \ud83d\udc4c\" \/>\n<meta name=\"robots\" content=\"index, follow, max-snippet:-1, max-image-preview:large, max-video-preview:-1\" \/>\n<link rel=\"canonical\" href=\"https:\/\/www.micole.net\/blog\/elegir-colegio\/solicitar-plaza-publico-privado\/\" \/>\n<meta property=\"og:locale\" content=\"es_ES\" \/>\n<meta property=\"og:type\" content=\"article\" \/>\n<meta property=\"og:title\" content=\"xxx\" \/>\n<meta property=\"og:description\" content=\"xxx\" \/>\n<meta property=\"og:url\" content=\"https:\/\/www.micole.net\/blog\/elegir-colegio\/solicitar-plaza-publico-privado\/\" \/>\n<meta property=\"og:site_name\" content=\"Blog Micole\" \/>\n<meta property=\"article:publisher\" content=\"https:\/\/www.facebook.com\/micoleoficial\/\" \/>\n<meta property=\"article:published_time\" content=\"2019-12-30T14:13:04+00:00\" \/>\n<meta property=\"article:modified_time\" content=\"2023-10-23T12:15:17+00:00\" \/>\n<meta property=\"og:image\" content=\"https:\/\/www.micole.net\/blog\/wp-content\/uploads\/2019\/12\/ok-2385794_1920.jpg\" \/>\n\t<meta property=\"og:image:width\" content=\"1920\" \/>\n\t<meta property=\"og:image:height\" content=\"1281\" \/>\n\t<meta property=\"og:image:type\" content=\"image\/jpeg\" \/>\n<meta name=\"author\" content=\"El equipo de Micole\" \/>\n<meta name=\"twitter:card\" content=\"summary_large_image\" \/>\n<meta name=\"twitter:title\" content=\"yyy\" \/>\n<meta name=\"twitter:description\" content=\"yyy\" \/>\n<meta name=\"twitter:label1\" content=\"Escrito por\" \/>\n\t<meta name=\"twitter:data1\" content=\"El equipo de Micole\" \/>\n\t<meta name=\"twitter:label2\" content=\"Tiempo de lectura\" \/>\n\t<meta name=\"twitter:data2\" content=\"5 minutos\" \/>\n<script type=\"application\/ld+json\" class=\"yoast-schema-graph\">{\"@context\":\"https:\/\/schema.org\",\"@graph\":[{\"@type\":\"Article\",\"@id\":\"https:\/\/www.micole.net\/blog\/elegir-colegio\/solicitar-plaza-publico-privado\/#article\",\"isPartOf\":{\"@id\":\"https:\/\/www.micole.net\/blog\/elegir-colegio\/solicitar-plaza-publico-privado\/\"},\"author\":{\"name\":\"El equipo de Micole\",\"@id\":\"https:\/\/www.micole.net\/blog\/#\/schema\/person\/861e4d9a8ce4499d9c106c2ac39f8951\"},\"headline\":\"Cu\u00e1ndo se solicita plaza de colegio\",\"datePublished\":\"2019-12-30T14:13:04+00:00\",\"dateModified\":\"2023-10-23T12:15:17+00:00\",\"mainEntityOfPage\":{\"@id\":\"https:\/\/www.micole.net\/blog\/elegir-colegio\/solicitar-plaza-publico-privado\/\"},\"wordCount\":1087,\"commentCount\":0,\"publisher\":{\"@id\":\"https:\/\/www.micole.net\/blog\/#organization\"},\"image\":{\"@id\":\"https:\/\/www.micole.net\/blog\/elegir-colegio\/solicitar-plaza-publico-privado\/#primaryimage\"},\"thumbnailUrl\":\"https:\/\/www.micole.net\/blog\/wp-content\/uploads\/2019\/12\/ok-2385794_1920.jpg\",\"articleSection\":[\"Elegir colegio\"],\"inLanguage\":\"es\",\"potentialAction\":[{\"@type\":\"CommentAction\",\"name\":\"Comment\",\"target\":[\"https:\/\/www.micole.net\/blog\/elegir-colegio\/solicitar-plaza-publico-privado\/#respond\"]}]},{\"@type\":\"WebPage\",\"@id\":\"https:\/\/www.micole.net\/blog\/elegir-colegio\/solicitar-plaza-publico-privado\/\",\"url\":\"https:\/\/www.micole.net\/blog\/elegir-colegio\/solicitar-plaza-publico-privado\/\",\"name\":\"Solicitar plaza en colegios p\u00fablicos y privados | Fechas\",\"isPartOf\":{\"@id\":\"https:\/\/www.micole.net\/blog\/#website\"},\"primaryImageOfPage\":{\"@id\":\"https:\/\/www.micole.net\/blog\/elegir-colegio\/solicitar-plaza-publico-privado\/#primaryimage\"},\"image\":{\"@id\":\"https:\/\/www.micole.net\/blog\/elegir-colegio\/solicitar-plaza-publico-privado\/#primaryimage\"},\"thumbnailUrl\":\"https:\/\/www.micole.net\/blog\/wp-content\/uploads\/2019\/12\/ok-2385794_1920.jpg\",\"datePublished\":\"2019-12-30T14:13:04+00:00\",\"dateModified\":\"2023-10-23T12:15:17+00:00\",\"description\":\"Solicitar plaza en colegios p\u00fablicos y privados \ud83c\udfeb Te contamos el proceso de reserva y los plazos o fechas para saber c\u00f3mo y cu\u00e1ndo hacerla \ud83d\udc4c\",\"breadcrumb\":{\"@id\":\"https:\/\/www.micole.net\/blog\/elegir-colegio\/solicitar-plaza-publico-privado\/#breadcrumb\"},\"inLanguage\":\"es\",\"potentialAction\":[{\"@type\":\"ReadAction\",\"target\":[\"https:\/\/www.micole.net\/blog\/elegir-colegio\/solicitar-plaza-publico-privado\/\"]}]},{\"@type\":\"ImageObject\",\"inLanguage\":\"es\",\"@id\":\"https:\/\/www.micole.net\/blog\/elegir-colegio\/solicitar-plaza-publico-privado\/#primaryimage\",\"url\":\"https:\/\/www.micole.net\/blog\/wp-content\/uploads\/2019\/12\/ok-2385794_1920.jpg\",\"contentUrl\":\"https:\/\/www.micole.net\/blog\/wp-content\/uploads\/2019\/12\/ok-2385794_1920.jpg\",\"width\":1920,\"height\":1281,\"caption\":\"solicitar plaza en colegios\"},{\"@type\":\"BreadcrumbList\",\"@id\":\"https:\/\/www.micole.net\/blog\/elegir-colegio\/solicitar-plaza-publico-privado\/#breadcrumb\",\"itemListElement\":[{\"@type\":\"ListItem\",\"position\":1,\"name\":\"Portada\",\"item\":\"https:\/\/www.micole.net\/blog\/\"},{\"@type\":\"ListItem\",\"position\":2,\"name\":\"Cu\u00e1ndo se solicita plaza de colegio\"}]},{\"@type\":\"WebSite\",\"@id\":\"https:\/\/www.micole.net\/blog\/#website\",\"url\":\"https:\/\/www.micole.net\/blog\/\",\"name\":\"Blog Micole\",\"description\":\"En el Blog de Micole encontrar\u00e1s contenido y recursos relacionados con la educaci\u00f3n y la crianza de los hijos\",\"publisher\":{\"@id\":\"https:\/\/www.micole.net\/blog\/#organization\"},\"potentialAction\":[{\"@type\":\"SearchAction\",\"target\":{\"@type\":\"EntryPoint\",\"urlTemplate\":\"https:\/\/www.micole.net\/blog\/?s={search_term_string}\"},\"query-input\":{\"@type\":\"PropertyValueSpecification\",\"valueRequired\":true,\"valueName\":\"search_term_string\"}}],\"inLanguage\":\"es\"},{\"@type\":\"Organization\",\"@id\":\"https:\/\/www.micole.net\/blog\/#organization\",\"name\":\"Micole\",\"url\":\"https:\/\/www.micole.net\/blog\/\",\"logo\":{\"@type\":\"ImageObject\",\"inLanguage\":\"es\",\"@id\":\"https:\/\/www.micole.net\/blog\/#\/schema\/logo\/image\/\",\"url\":\"https:\/\/www.micole.net\/blog\/wp-content\/uploads\/2019\/12\/logo.png\",\"contentUrl\":\"https:\/\/www.micole.net\/blog\/wp-content\/uploads\/2019\/12\/logo.png\",\"width\":1200,\"height\":1200,\"caption\":\"Micole\"},\"image\":{\"@id\":\"https:\/\/www.micole.net\/blog\/#\/schema\/logo\/image\/\"},\"sameAs\":[\"https:\/\/www.facebook.com\/micoleoficial\/\",\"https:\/\/www.instagram.com\/micoleoficial\/\"]},{\"@type\":\"Person\",\"@id\":\"https:\/\/www.micole.net\/blog\/#\/schema\/person\/861e4d9a8ce4499d9c106c2ac39f8951\",\"name\":\"El equipo de Micole\",\"image\":{\"@type\":\"ImageObject\",\"inLanguage\":\"es\",\"@id\":\"https:\/\/www.micole.net\/blog\/#\/schema\/person\/image\/\",\"url\":\"https:\/\/secure.gravatar.com\/avatar\/1cd164d7ed5bce011a362aac715fce0d7731ec230263bea587c3176ae3cf4290?s=96&d=mm&r=g\",\"contentUrl\":\"https:\/\/secure.gravatar.com\/avatar\/1cd164d7ed5bce011a362aac715fce0d7731ec230263bea587c3176ae3cf4290?s=96&d=mm&r=g\",\"caption\":\"El equipo de Micole\"}}]}<\/script>\n<!-- \/ Yoast SEO plugin. -->","yoast_head_json":{"title":"Solicitar plaza en colegios p\u00fablicos y privados | Fechas","description":"Solicitar plaza en colegios p\u00fablicos y privados \ud83c\udfeb Te contamos el proceso de reserva y los plazos o fechas para saber c\u00f3mo y cu\u00e1ndo hacerla \ud83d\udc4c","robots":{"index":"index","follow":"follow","max-snippet":"max-snippet:-1","max-image-preview":"max-image-preview:large","max-video-preview":"max-video-preview:-1"},"canonical":"https:\/\/www.micole.net\/blog\/elegir-colegio\/solicitar-plaza-publico-privado\/","og_locale":"es_ES","og_type":"article","og_title":"xxx","og_description":"xxx","og_url":"https:\/\/www.micole.net\/blog\/elegir-colegio\/solicitar-plaza-publico-privado\/","og_site_name":"Blog Micole","article_publisher":"https:\/\/www.facebook.com\/micoleoficial\/","article_published_time":"2019-12-30T14:13:04+00:00","article_modified_time":"2023-10-23T12:15:17+00:00","og_image":[{"width":1920,"height":1281,"url":"https:\/\/www.micole.net\/blog\/wp-content\/uploads\/2019\/12\/ok-2385794_1920.jpg","type":"image\/jpeg"}],"author":"El equipo de Micole","twitter_card":"summary_large_image","twitter_title":"yyy","twitter_description":"yyy","twitter_misc":{"Escrito por":"El equipo de Micole","Tiempo de lectura":"5 minutos"},"schema":{"@context":"https:\/\/schema.org","@graph":[{"@type":"Article","@id":"https:\/\/www.micole.net\/blog\/elegir-colegio\/solicitar-plaza-publico-privado\/#article","isPartOf":{"@id":"https:\/\/www.micole.net\/blog\/elegir-colegio\/solicitar-plaza-publico-privado\/"},"author":{"name":"El equipo de Micole","@id":"https:\/\/www.micole.net\/blog\/#\/schema\/person\/861e4d9a8ce4499d9c106c2ac39f8951"},"headline":"Cu\u00e1ndo se solicita plaza de colegio","datePublished":"2019-12-30T14:13:04+00:00","dateModified":"2023-10-23T12:15:17+00:00","mainEntityOfPage":{"@id":"https:\/\/www.micole.net\/blog\/elegir-colegio\/solicitar-plaza-publico-privado\/"},"wordCount":1087,"commentCount":0,"publisher":{"@id":"https:\/\/www.micole.net\/blog\/#organization"},"image":{"@id":"https:\/\/www.micole.net\/blog\/elegir-colegio\/solicitar-plaza-publico-privado\/#primaryimage"},"thumbnailUrl":"https:\/\/www.micole.net\/blog\/wp-content\/uploads\/2019\/12\/ok-2385794_1920.jpg","articleSection":["Elegir colegio"],"inLanguage":"es","potentialAction":[{"@type":"CommentAction","name":"Comment","target":["https:\/\/www.micole.net\/blog\/elegir-colegio\/solicitar-plaza-publico-privado\/#respond"]}]},{"@type":"WebPage","@id":"https:\/\/www.micole.net\/blog\/elegir-colegio\/solicitar-plaza-publico-privado\/","url":"https:\/\/www.micole.net\/blog\/elegir-colegio\/solicitar-plaza-publico-privado\/","name":"Solicitar plaza en colegios p\u00fablicos y privados | Fechas","isPartOf":{"@id":"https:\/\/www.micole.net\/blog\/#website"},"primaryImageOfPage":{"@id":"https:\/\/www.micole.net\/blog\/elegir-colegio\/solicitar-plaza-publico-privado\/#primaryimage"},"image":{"@id":"https:\/\/www.micole.net\/blog\/elegir-colegio\/solicitar-plaza-publico-privado\/#primaryimage"},"thumbnailUrl":"https:\/\/www.micole.net\/blog\/wp-content\/uploads\/2019\/12\/ok-2385794_1920.jpg","datePublished":"2019-12-30T14:13:04+00:00","dateModified":"2023-10-23T12:15:17+00:00","description":"Solicitar plaza en colegios p\u00fablicos y privados \ud83c\udfeb Te contamos el proceso de reserva y los plazos o fechas para saber c\u00f3mo y cu\u00e1ndo hacerla \ud83d\udc4c","breadcrumb":{"@id":"https:\/\/www.micole.net\/blog\/elegir-colegio\/solicitar-plaza-publico-privado\/#breadcrumb"},"inLanguage":"es","potentialAction":[{"@type":"ReadAction","target":["https:\/\/www.micole.net\/blog\/elegir-colegio\/solicitar-plaza-publico-privado\/"]}]},{"@type":"ImageObject","inLanguage":"es","@id":"https:\/\/www.micole.net\/blog\/elegir-colegio\/solicitar-plaza-publico-privado\/#primaryimage","url":"https:\/\/www.micole.net\/blog\/wp-content\/uploads\/2019\/12\/ok-2385794_1920.jpg","contentUrl":"https:\/\/www.micole.net\/blog\/wp-content\/uploads\/2019\/12\/ok-2385794_1920.jpg","width":1920,"height":1281,"caption":"solicitar plaza en colegios"},{"@type":"BreadcrumbList","@id":"https:\/\/www.micole.net\/blog\/elegir-colegio\/solicitar-plaza-publico-privado\/#breadcrumb","itemListElement":[{"@type":"ListItem","position":1,"name":"Portada","item":"https:\/\/www.micole.net\/blog\/"},{"@type":"ListItem","position":2,"name":"Cu\u00e1ndo se solicita plaza de colegio"}]},{"@type":"WebSite","@id":"https:\/\/www.micole.net\/blog\/#website","url":"https:\/\/www.micole.net\/blog\/","name":"Blog Micole","description":"En el Blog de Micole encontrar\u00e1s contenido y recursos relacionados con la educaci\u00f3n y la crianza de los hijos","publisher":{"@id":"https:\/\/www.micole.net\/blog\/#organization"},"potentialAction":[{"@type":"SearchAction","target":{"@type":"EntryPoint","urlTemplate":"https:\/\/www.micole.net\/blog\/?s={search_term_string}"},"query-input":{"@type":"PropertyValueSpecification","valueRequired":true,"valueName":"search_term_string"}}],"inLanguage":"es"},{"@type":"Organization","@id":"https:\/\/www.micole.net\/blog\/#organization","name":"Micole","url":"https:\/\/www.micole.net\/blog\/","logo":{"@type":"ImageObject","inLanguage":"es","@id":"https:\/\/www.micole.net\/blog\/#\/schema\/logo\/image\/","url":"https:\/\/www.micole.net\/blog\/wp-content\/uploads\/2019\/12\/logo.png","contentUrl":"https:\/\/www.micole.net\/blog\/wp-content\/uploads\/2019\/12\/logo.png","width":1200,"height":1200,"caption":"Micole"},"image":{"@id":"https:\/\/www.micole.net\/blog\/#\/schema\/logo\/image\/"},"sameAs":["https:\/\/www.facebook.com\/micoleoficial\/","https:\/\/www.instagram.com\/micoleoficial\/"]},{"@type":"Person","@id":"https:\/\/www.micole.net\/blog\/#\/schema\/person\/861e4d9a8ce4499d9c106c2ac39f8951","name":"El equipo de Micole","image":{"@type":"ImageObject","inLanguage":"es","@id":"https:\/\/www.micole.net\/blog\/#\/schema\/person\/image\/","url":"https:\/\/secure.gravatar.com\/avatar\/1cd164d7ed5bce011a362aac715fce0d7731ec230263bea587c3176ae3cf4290?s=96&d=mm&r=g","contentUrl":"https:\/\/secure.gravatar.com\/avatar\/1cd164d7ed5bce011a362aac715fce0d7731ec230263bea587c3176ae3cf4290?s=96&d=mm&r=g","caption":"El equipo de Micole"}}]}},"_links":{"self":[{"href":"https:\/\/www.micole.net\/blog\/wp-json\/wp\/v2\/posts\/218","targetHints":{"allow":["GET"]}}],"collection":[{"href":"https:\/\/www.micole.net\/blog\/wp-json\/wp\/v2\/posts"}],"about":[{"href":"https:\/\/www.micole.net\/blog\/wp-json\/wp\/v2\/types\/post"}],"author":[{"embeddable":true,"href":"https:\/\/www.micole.net\/blog\/wp-json\/wp\/v2\/users\/1"}],"replies":[{"embeddable":true,"href":"https:\/\/www.micole.net\/blog\/wp-json\/wp\/v2\/comments?post=218"}],"version-history":[{"count":0,"href":"https:\/\/www.micole.net\/blog\/wp-json\/wp\/v2\/posts\/218\/revisions"}],"wp:featuredmedia":[{"embeddable":true,"href":"https:\/\/www.micole.net\/blog\/wp-json\/wp\/v2\/media\/243"}],"wp:attachment":[{"href":"https:\/\/www.micole.net\/blog\/wp-json\/wp\/v2\/media?parent=218"}],"wp:term":[{"taxonomy":"category","embeddable":true,"href":"https:\/\/www.micole.net\/blog\/wp-json\/wp\/v2\/categories?post=218"},{"taxonomy":"post_tag","embeddable":true,"href":"https:\/\/www.micole.net\/blog\/wp-json\/wp\/v2\/tags?post=218"}],"curies":[{"name":"wp","href":"https:\/\/api.w.org\/{rel}","templated":true}]}}